{"id":3307,"date":"2021-05-21T19:46:29","date_gmt":"2021-05-21T19:46:29","guid":{"rendered":"https:\/\/kurtjakob.ch\/?p=3307"},"modified":"2021-05-21T19:46:29","modified_gmt":"2021-05-21T19:46:29","slug":"diess-wasserstoff-nicht-gut-fuer-autos-tesla-chef-stimmt-zu-teslamag-de","status":"publish","type":"post","link":"https:\/\/kurtjakob.ch\/?p=3307","title":{"rendered":"Diess: Wasserstoff nicht gut f\u00fcr Autos, Tesla-Chef stimmt zu > teslamag.de"},"content":{"rendered":"<p>VW-Chef Herbert Diess hat einen Twitter-Account er\u00f6ffnet und \u00e4ussert sich dort auch zur Wasserstofftechnik:<\/p>\n<blockquote><p>Dazu stellte er einen Link zu einem Artikel \u00fcber eine neue deutsche Studie ein, laut der Wasserstoff-Autos mit Brennstoffzelle oder auf dem Gas basierenden Synthetik-Treibstoffen im Tank auf mittlere Sicht der falsche Weg sind. F\u00fcr klimafreundlichen Verkehr empfehlen die Forscher laut dem Bericht klar reine Elektroautos. \u201eBitte auf die Wissenschaft h\u00f6ren\u201c appellierte dazu Diess, der Volkswagen seit einiger Zeit nach Tesla-Vorbild auf diesen Kurs steuert.<\/p><\/blockquote>\n<p>Quelle: <em><a href=\"https:\/\/teslamag.de\/news\/vw-chef-wasserstoff-scheindebatten-tesla-ceo-nicht-einmal-fuer-raketen-37146\">Diess: Wasserstoff nicht gut f\u00fcr Autos, Tesla-Chef stimmt zu &gt; teslamag.de<\/a><\/em><\/p>\n<p>&nbsp;<\/p>\n<blockquote class=\"twitter-tweet\" data-width=\"550\" data-dnt=\"true\">\n<p lang=\"de\" dir=\"ltr\">Das Wasserstoff-Auto ist nachgewiesen NICHT die Klimal\u00f6sung. Im Verkehr hat sich die Elektrifizierung durchgesetzt. Scheindebatten sind reine Zeitverschwendung. Bitte auf die Wissenschaft h\u00f6ren! <a href=\"https:\/\/twitter.com\/ArminLaschet?ref_src=twsrc%5Etfw\">@ArminLaschet<\/a> <a href=\"https:\/\/twitter.com\/OlafScholz?ref_src=twsrc%5Etfw\">@OlafScholz<\/a> <a href=\"https:\/\/twitter.com\/andreasscheuer?ref_src=twsrc%5Etfw\">@andreasscheuer<\/a> <a href=\"https:\/\/twitter.com\/ABaerbock?ref_src=twsrc%5Etfw\">@ABaerbock<\/a> <a href=\"https:\/\/t.co\/LfErDmBs5R\">https:\/\/t.co\/LfErDmBs5R<\/a><\/p>\n<p>&mdash; Herbert Diess (@Herbert_Diess) <a href=\"https:\/\/twitter.com\/Herbert_Diess\/status\/1394546760056459274?ref_src=twsrc%5Etfw\">May 18, 2021<\/a><\/p><\/blockquote>\n<p><script async src=\"https:\/\/platform.twitter.com\/widgets.js\" charset=\"utf-8\"><\/script><\/p>\n","protected":false},"excerpt":{"rendered":"<p>VW-Chef Herbert Diess hat einen Twitter-Account er\u00f6ffnet und \u00e4ussert sich dort auch zur Wasserstofftechnik: Dazu stellte er einen Link zu einem Artikel \u00fcber eine neue deutsche Studie ein, laut der Wasserstoff-Autos mit Brennstoffzelle oder auf dem Gas basierenden Synthetik-Treibstoffen im Tank auf mittlere Sicht der falsche Weg sind. F\u00fcr klimafreundlichen Verkehr empfehlen die Forscher laut [&hellip;]<\/p>\n","protected":false},"author":4,"featured_media":0,"comment_status":"open","ping_status":"open","sticky":false,"template":"","format":"standard","meta":{"footnotes":""},"categories":[271],"tags":[196],"class_list":["post-3307","post","type-post","status-publish","format-standard","hentry","category-elektromobilitaet","tag-e-auto"],"_links":{"self":[{"href":"https:\/\/kurtjakob.ch\/index.php?rest_route=\/wp\/v2\/posts\/3307","targetHints":{"allow":["GET"]}}],"collection":[{"href":"https:\/\/kurtjakob.ch\/index.php?rest_route=\/wp\/v2\/posts"}],"about":[{"href":"https:\/\/kurtjakob.ch\/index.php?rest_route=\/wp\/v2\/types\/post"}],"author":[{"embeddable":true,"href":"https:\/\/kurtjakob.ch\/index.php?rest_route=\/wp\/v2\/users\/4"}],"replies":[{"embeddable":true,"href":"https:\/\/kurtjakob.ch\/index.php?rest_route=%2Fwp%2Fv2%2Fcomments&post=3307"}],"version-history":[{"count":1,"href":"https:\/\/kurtjakob.ch\/index.php?rest_route=\/wp\/v2\/posts\/3307\/revisions"}],"predecessor-version":[{"id":3308,"href":"https:\/\/kurtjakob.ch\/index.php?rest_route=\/wp\/v2\/posts\/3307\/revisions\/3308"}],"wp:attachment":[{"href":"https:\/\/kurtjakob.ch\/index.php?rest_route=%2Fwp%2Fv2%2Fmedia&parent=3307"}],"wp:term":[{"taxonomy":"category","embeddable":true,"href":"https:\/\/kurtjakob.ch\/index.php?rest_route=%2Fwp%2Fv2%2Fcategories&post=3307"},{"taxonomy":"post_tag","embeddable":true,"href":"https:\/\/kurtjakob.ch\/index.php?rest_route=%2Fwp%2Fv2%2Ftags&post=3307"}],"curies":[{"name":"wp","href":"https:\/\/api.w.org\/{rel}","templated":true}]}}