{"id":3305,"date":"2021-05-21T19:38:02","date_gmt":"2021-05-21T19:38:02","guid":{"rendered":"https:\/\/kurtjakob.ch\/?p=3305"},"modified":"2021-05-21T19:38:02","modified_gmt":"2021-05-21T19:38:02","slug":"bericht-tesla-fabrik-texas-startet-oktober-auch-fuer-europa","status":"publish","type":"post","link":"https:\/\/kurtjakob.ch\/?p=3305","title":{"rendered":"Bericht: Tesla-Fabrik Texas startet Oktober, auch f\u00fcr Europa"},"content":{"rendered":"<blockquote><p>Der voraussichtliche Termin f\u00fcr Auslieferungen von Tesla Model Y in Europa wurde im Web-Konfigurator vor kurzem auf Ende 2021 verschoben. Das deckt sich grob mit den neuesten Angaben von CEO Elon Musk, der w\u00e4hrend seines Besuchs auf der deutschen Gigafactory-Baustelle bei Berlin an diesem Montag erkl\u00e4rte, es sehe so aus, als k\u00f6nne die Produktion dort zum Jahresende beginnen. Das Gleiche hatte er vor kurzem mit Blick auf die sp\u00e4ter begonnene Tesla-Gigafactory in Texas gesagt. Aber laut einem Bericht ist beides nicht ganz richtig: Die neue US-Fabrik soll angeblich schon in diesem Oktober mit der Produktion von Model Y beginnen \u2013 und bis ins zweite Halbjahr 2022 hinein auch den europ\u00e4ischen Markt versorgen.<\/p><\/blockquote>\n<p>Quelle: <em><a href=\"https:\/\/teslamag.de\/news\/bericht-tesla-fabrik-texas-vor-deutscher-fertig-soll-europa-beliefern-37094\">Bericht: Tesla-Fabrik Texas startet Oktober, auch f\u00fcr Europa &gt;teslamag.de<\/a><\/em><\/p>\n","protected":false},"excerpt":{"rendered":"<p>Der voraussichtliche Termin f\u00fcr Auslieferungen von Tesla Model Y in Europa wurde im Web-Konfigurator vor kurzem auf Ende 2021 verschoben. Das deckt sich grob mit den neuesten Angaben von CEO Elon Musk, der w\u00e4hrend seines Besuchs auf der deutschen Gigafactory-Baustelle bei Berlin an diesem Montag erkl\u00e4rte, es sehe so aus, als k\u00f6nne die Produktion dort [&hellip;]<\/p>\n","protected":false},"author":4,"featured_media":0,"comment_status":"open","ping_status":"open","sticky":false,"template":"","format":"standard","meta":{"footnotes":""},"categories":[271],"tags":[185],"class_list":["post-3305","post","type-post","status-publish","format-standard","hentry","category-elektromobilitaet","tag-tesla"],"_links":{"self":[{"href":"https:\/\/kurtjakob.ch\/index.php?rest_route=\/wp\/v2\/posts\/3305","targetHints":{"allow":["GET"]}}],"collection":[{"href":"https:\/\/kurtjakob.ch\/index.php?rest_route=\/wp\/v2\/posts"}],"about":[{"href":"https:\/\/kurtjakob.ch\/index.php?rest_route=\/wp\/v2\/types\/post"}],"author":[{"embeddable":true,"href":"https:\/\/kurtjakob.ch\/index.php?rest_route=\/wp\/v2\/users\/4"}],"replies":[{"embeddable":true,"href":"https:\/\/kurtjakob.ch\/index.php?rest_route=%2Fwp%2Fv2%2Fcomments&post=3305"}],"version-history":[{"count":1,"href":"https:\/\/kurtjakob.ch\/index.php?rest_route=\/wp\/v2\/posts\/3305\/revisions"}],"predecessor-version":[{"id":3306,"href":"https:\/\/kurtjakob.ch\/index.php?rest_route=\/wp\/v2\/posts\/3305\/revisions\/3306"}],"wp:attachment":[{"href":"https:\/\/kurtjakob.ch\/index.php?rest_route=%2Fwp%2Fv2%2Fmedia&parent=3305"}],"wp:term":[{"taxonomy":"category","embeddable":true,"href":"https:\/\/kurtjakob.ch\/index.php?rest_route=%2Fwp%2Fv2%2Fcategories&post=3305"},{"taxonomy":"post_tag","embeddable":true,"href":"https:\/\/kurtjakob.ch\/index.php?rest_route=%2Fwp%2Fv2%2Ftags&post=3305"}],"curies":[{"name":"wp","href":"https:\/\/api.w.org\/{rel}","templated":true}]}}