{"id":3280,"date":"2021-05-20T20:27:44","date_gmt":"2021-05-20T20:27:44","guid":{"rendered":"https:\/\/kurtjakob.ch\/?p=3280"},"modified":"2021-05-20T20:27:44","modified_gmt":"2021-05-20T20:27:44","slug":"gruener-wasserstoff-oman-will-weltmarktfuehrer-werden","status":"publish","type":"post","link":"https:\/\/kurtjakob.ch\/?p=3280","title":{"rendered":"Gr\u00fcner Wasserstoff: Oman will Weltmarktf\u00fchrer werden"},"content":{"rendered":"<blockquote><p>Das Sultanat Oman strebt an, sich auf dem Markt f\u00fcr gr\u00fcnen Wasserstoff an die Spitze zu stellen. Dazu hat sich ein Konsortium aus dem omanischen Energieunternehmen OQ, dem singapurischen Entwickler umweltfreundlicher Brennstoffe InterContinental Energy und dem kuwaitischen Investor EnerTech gebildet.<\/p><\/blockquote>\n<p>Quelle: <em><a href=\"https:\/\/www.heise.de\/news\/Gruener-Wasserstoff-Oman-will-Weltmarktfuehrer-werden-6050446.html\">Gr\u00fcner Wasserstoff: Oman will Weltmarktf\u00fchrer werden | heise online<\/a><\/em><\/p>\n","protected":false},"excerpt":{"rendered":"<p>Das Sultanat Oman strebt an, sich auf dem Markt f\u00fcr gr\u00fcnen Wasserstoff an die Spitze zu stellen. Dazu hat sich ein Konsortium aus dem omanischen Energieunternehmen OQ, dem singapurischen Entwickler umweltfreundlicher Brennstoffe InterContinental Energy und dem kuwaitischen Investor EnerTech gebildet. Quelle: Gr\u00fcner Wasserstoff: Oman will Weltmarktf\u00fchrer werden | heise online<\/p>\n","protected":false},"author":4,"featured_media":0,"comment_status":"open","ping_status":"open","sticky":false,"template":"","format":"standard","meta":{"footnotes":""},"categories":[271],"tags":[278,277,276],"class_list":["post-3280","post","type-post","status-publish","format-standard","hentry","category-elektromobilitaet","tag-energie","tag-umweltschutz","tag-wasserstoff"],"_links":{"self":[{"href":"https:\/\/kurtjakob.ch\/index.php?rest_route=\/wp\/v2\/posts\/3280","targetHints":{"allow":["GET"]}}],"collection":[{"href":"https:\/\/kurtjakob.ch\/index.php?rest_route=\/wp\/v2\/posts"}],"about":[{"href":"https:\/\/kurtjakob.ch\/index.php?rest_route=\/wp\/v2\/types\/post"}],"author":[{"embeddable":true,"href":"https:\/\/kurtjakob.ch\/index.php?rest_route=\/wp\/v2\/users\/4"}],"replies":[{"embeddable":true,"href":"https:\/\/kurtjakob.ch\/index.php?rest_route=%2Fwp%2Fv2%2Fcomments&post=3280"}],"version-history":[{"count":1,"href":"https:\/\/kurtjakob.ch\/index.php?rest_route=\/wp\/v2\/posts\/3280\/revisions"}],"predecessor-version":[{"id":3281,"href":"https:\/\/kurtjakob.ch\/index.php?rest_route=\/wp\/v2\/posts\/3280\/revisions\/3281"}],"wp:attachment":[{"href":"https:\/\/kurtjakob.ch\/index.php?rest_route=%2Fwp%2Fv2%2Fmedia&parent=3280"}],"wp:term":[{"taxonomy":"category","embeddable":true,"href":"https:\/\/kurtjakob.ch\/index.php?rest_route=%2Fwp%2Fv2%2Fcategories&post=3280"},{"taxonomy":"post_tag","embeddable":true,"href":"https:\/\/kurtjakob.ch\/index.php?rest_route=%2Fwp%2Fv2%2Ftags&post=3280"}],"curies":[{"name":"wp","href":"https:\/\/api.w.org\/{rel}","templated":true}]}}