{"id":3274,"date":"2021-05-20T20:12:58","date_gmt":"2021-05-20T20:12:58","guid":{"rendered":"https:\/\/kurtjakob.ch\/?p=3274"},"modified":"2021-06-22T20:49:51","modified_gmt":"2021-06-22T20:49:51","slug":"ingeborg-bachmann-preis-die-nominierten","status":"publish","type":"post","link":"https:\/\/kurtjakob.ch\/?p=3274","title":{"rendered":"Ingeborg-Bachmann-Preis &ndash; die Nominierten"},"content":{"rendered":"<p>Der ORF hat heute die Liste der Nominierten f\u00fcr den diesj\u00e4hrigen Ingeborg-Bachmann-Preis bekannt gegeben.<\/p>\n<p>Die 14 Teilnehmerinnen und Teilnehmer sind:<\/p>\n<ul>\n<li>Nava Ebrahimi D\/A\/IRN<\/li>\n<li>Katharina Ferner A<\/li>\n<li>Heike Gei\u00dfler D<\/li>\n<li>Verena Gotthardt A<\/li>\n<li>Timon Karl Kaleyta D<\/li>\n<li>Fritz Krenn A<\/li>\n<li>Lukas Maisel CH<\/li>\n<li>Necati \u00d6ziri D<\/li>\n<li>Anna Prizkau D<\/li>\n<li>Nadine Schneider D<\/li>\n<li>Leander Steinkopf D<\/li>\n<li>Dana Vowinckel D<\/li>\n<li>Julia Weber CH<\/li>\n<li>Magda Woitzuck A<\/li>\n<\/ul>\n<p>&nbsp;<\/p>\n<p>Vorgeschlagen worden sind diese Teilnehmerinnen und Teilnehmer wie immer von der <a href=\"https:\/\/bachmannpreis.orf.at\/stories\/teamjury\/\" target=\"_blank\" rel=\"noopener\">Jury<\/a>. Diese besteht in diesem Jahr aus:<\/p>\n<ul>\n<li>Insa Wilke, Jury-Vorsitzende<\/li>\n<li>Mara Delius (neu)<\/li>\n<li>Vea Kaiser (neu)<\/li>\n<li>Klaus Kastberger<\/li>\n<li>Brigitte Schwens-Harrant<\/li>\n<li>Philipp Tingler<\/li>\n<li>Michael Wiederstein<\/li>\n<\/ul>\n<p>&nbsp;<\/p>\n<p>Die Tage der deutschsprachigen Literatur finden in diesem Jahr vom 16. bis 20. Juni im ORF-Theater statt, am 20. Juni werden die Preise vergeben.<\/p>\n<p>In diesem Jahr wird die Jury im ORF-Theater in Klagenfurt anwesend sein mit dem Moderator Christian Ankowitsch. Die Aussenmoderation wird Cecile Schortmann \u00fcbernehmen und Expertengespr\u00e4che f\u00fchren.<\/p>\n<p>Auch in diesem Jahr ist kein Publikum zugelassen.<\/p>\n<p>Quelle: <a href=\"https:\/\/bachmannpreis.orf.at\/stories\/3104649\/\" target=\"_blank\" rel=\"noopener\">bachmannpreis.orf.at<\/a><br \/>\nSiehe auch: <a href=\"https:\/\/www.literaturcafe.de\/bachmannpreis-2021-jury-in-klagenfurt-die-lesenden-nicht\/?pk_campaign=feed&amp;pk_kwd=bachmannpreis-2021-jury-in-klagenfurt-die-lesenden-nicht\" target=\"_blank\" rel=\"noopener\">Literaturcafe.de<\/a><\/p>\n","protected":false},"excerpt":{"rendered":"<p>Der ORF hat heute die Liste der Nominierten f\u00fcr den diesj\u00e4hrigen Ingeborg-Bachmann-Preis bekannt gegeben. Die 14 Teilnehmerinnen und Teilnehmer sind: Nava Ebrahimi D\/A\/IRN Katharina Ferner A Heike Gei\u00dfler D Verena Gotthardt A Timon Karl Kaleyta D Fritz Krenn A Lukas Maisel CH Necati \u00d6ziri D Anna Prizkau D Nadine Schneider D Leander Steinkopf D Dana [&hellip;]<\/p>\n","protected":false},"author":4,"featured_media":0,"comment_status":"open","ping_status":"open","sticky":false,"template":"","format":"standard","meta":{"footnotes":""},"categories":[208],"tags":[274,275,6],"class_list":["post-3274","post","type-post","status-publish","format-standard","hentry","category-literatur","tag-buchpreis","tag-ingeborg-bachmann-preis","tag-literatur"],"_links":{"self":[{"href":"https:\/\/kurtjakob.ch\/index.php?rest_route=\/wp\/v2\/posts\/3274","targetHints":{"allow":["GET"]}}],"collection":[{"href":"https:\/\/kurtjakob.ch\/index.php?rest_route=\/wp\/v2\/posts"}],"about":[{"href":"https:\/\/kurtjakob.ch\/index.php?rest_route=\/wp\/v2\/types\/post"}],"author":[{"embeddable":true,"href":"https:\/\/kurtjakob.ch\/index.php?rest_route=\/wp\/v2\/users\/4"}],"replies":[{"embeddable":true,"href":"https:\/\/kurtjakob.ch\/index.php?rest_route=%2Fwp%2Fv2%2Fcomments&post=3274"}],"version-history":[{"count":5,"href":"https:\/\/kurtjakob.ch\/index.php?rest_route=\/wp\/v2\/posts\/3274\/revisions"}],"predecessor-version":[{"id":3861,"href":"https:\/\/kurtjakob.ch\/index.php?rest_route=\/wp\/v2\/posts\/3274\/revisions\/3861"}],"wp:attachment":[{"href":"https:\/\/kurtjakob.ch\/index.php?rest_route=%2Fwp%2Fv2%2Fmedia&parent=3274"}],"wp:term":[{"taxonomy":"category","embeddable":true,"href":"https:\/\/kurtjakob.ch\/index.php?rest_route=%2Fwp%2Fv2%2Fcategories&post=3274"},{"taxonomy":"post_tag","embeddable":true,"href":"https:\/\/kurtjakob.ch\/index.php?rest_route=%2Fwp%2Fv2%2Ftags&post=3274"}],"curies":[{"name":"wp","href":"https:\/\/api.w.org\/{rel}","templated":true}]}}