{"id":318,"date":"2012-02-10T00:07:17","date_gmt":"2012-02-10T00:07:17","guid":{"rendered":"http:\/\/wp.kurtjakob.ch\/?p=318"},"modified":"2012-02-10T00:07:17","modified_gmt":"2012-02-10T00:07:17","slug":"publikumspreis-leipziger-buchmesse","status":"publish","type":"post","link":"https:\/\/kurtjakob.ch\/?p=318","title":{"rendered":"Publikumspreis &#8211; Leipziger Buchmesse"},"content":{"rendered":"<p align=\"left\">Die <a href=\"http:\/\/www.leipziger-buchmesse.de\/\" target=\"_blank\">Leipziger Buchmesse<\/a> findet vom 15. &#8211; 18. M\u00e4rz 2012 statt mit Lesungen, Fachvortr\u00e4gen, Diskussionen, Fortbildungsveranstaltungen, Preisverleihungen &#8211; das gr\u00f6sste Lesefeste Europas, wie auf <a href=\"twitter.com\/buchmesse\" target=\"_blank\">Twitter<\/a> gemeldet wird.<\/p>\n<p align=\"left\">F\u00fcr den Publikumspreis gibt es f\u00fcnf Nominierte, diese findet man <a href=\"http:\/\/www.preis-der-leipziger-buchmesse.de\/nominierungen2011\/\" target=\"_blank\">hier<\/a>. Da das Publikum nun dar\u00fcber abstimmen kann, welcher der f\u00fcnf Titel ihm am besten gef\u00e4llt, habe ich mich auf die Suche nach den B\u00fcchern gemacht. Leseproben und Informationen zu allen Autoren sind \u00fcber die Seite der Leipziger Buchmesse erh\u00e4ltlich. Kann man aber auch schon Ebooks dieser Autoren erhalten? Hier meine Resultate.<\/p>\n<ul>\n<li>\n<div align=\"left\"><a href=\"http:\/\/www.suhrkamp.de\/buecher\/am_schwarzen_berg-anna_katharina_hahn_42282.html\" target=\"_blank\">Anna Katharina Hahn: &#8222;Am schwarzen Berg&#8220;.<\/a> Suhrkamp.<br \/>\nDieses Buch habe ich nur in gedruckter Form gefunden, es erscheint allerdings erst im M\u00e4rz.<\/div>\n<\/li>\n<li>\n<div align=\"left\"><a href=\"http:\/\/www.kiwi-verlag.de\/das-programm\/einzeltitel\/?isbn=978-3-462-04417-1\" target=\"_blank\">Jens Sparschuh:&#8220;Im Kasten&#8220;<\/a>. Kiepenheuer &amp; Witsch.<br \/>\nBeim Verlag habe ich keinen Hinweis auf ein Ebook gefunden, wohl aber l\u00e4sst es sich bei <a href=\"http:\/\/www.amazon.de\/Im-Kasten-Roman-ebook\/dp\/B006N4IXKQ\/ref=sr_1_2?ie=UTF8&amp;qid=1328830647&amp;sr=8-2\" target=\"_blank\">Amazon.de<\/a> vorbestellen, und zwar f\u00fcr 2 Euro g\u00fcnstiger als das gedruckte Buch.<\/div>\n<\/li>\n<li>\n<div align=\"left\"><a href=\"http:\/\/www.randomhouse.de\/Buch\/Ein-weisses-Land-Roman\/Sherko-Fatah\/e377924.rhd\" target=\"_blank\">Sherko Fatah: &#8222;Ein wei\u00dfes Land&#8220;<\/a>. (Luchterhand Literaturverlag).<br \/>\nDieses Buch ist als <a href=\"http:\/\/www.randomhouse.de\/ebook\/Ein-weisses-Land-Roman\/Sherko-Fatah\/e380661.rhd\" target=\"_blank\">Ebook<\/a> lieferbar \u00fcber den Verlag, und zwar 4 Euro g\u00fcnstiger, zum gleichen Preis ist das Ebook auch bei <a href=\"http:\/\/www.amazon.de\/Ein-wei%C3%9Fes-Land-Roman-ebook\/dp\/B005LPSOIY\/ref=sr_1_1?s=digital-text&amp;ie=UTF8&amp;qid=1328831135&amp;sr=1-1\" target=\"_blank\">Amazon.de<\/a> zu kaufen.<\/div>\n<\/li>\n<li>\n<div align=\"left\"><a href=\"http:\/\/www.fischerverlage.de\/buch\/das_jahr_in_dem_ich_aufhoerte_mir_sorgen_zu_machen_und_anfing_zu_traeumen\/9783100704085\" target=\"_blank\">Thomas von Steinaecker: &#8222;Das Jahr, in dem ich aufh\u00f6rte, mir Sorgen zu machen, und anfing zu tr\u00e4umen&#8220;<\/a>. (S. Fischer).<br \/>\nAuch dieses Buch wird vom Verlag als <a href=\"http:\/\/www.fischerverlage.de\/buch\/das_jahr_in_dem_ich_aufhoerte_mir_sorgen_zu_machen_und_anfing_zu_traeumen\/9783104008585\" target=\"_blank\">Ebook<\/a> angeboten, 2 Euro g\u00fcnstiger, ebenfalls bei <a href=\"http:\/\/www.amazon.de\/aufh%C3%B6rte-Sorgen-machen-tr%C3%A4umen-ebook\/dp\/B006LI9ORU\/ref=sr_1_1?s=digital-text&amp;ie=UTF8&amp;qid=1328831466&amp;sr=1-1\" target=\"_blank\">Amazon.de<\/a> erh\u00e4ltlich.<\/div>\n<\/li>\n<li>\n<p align=\"left\"><a href=\"http:\/\/www.rowohlt.de\/buch\/Wolfgang_Herrndorf_Sand.2947857.html\" target=\"_blank\">Wolfgang Herrndorf: &#8222;Sand&#8220;<\/a>. (Rowohlt Berlin).<br \/>\nAuch dieses Buch bietet der Verlag <a href=\"http:\/\/www.rowohlt.de\/buch\/Wolfgang_Herrndorf_Sand.2970217.html\" target=\"_blank\">digital<\/a> an, ohne aber einen Kommentar zum Format zu machen, das Ebook ist 3 Euro g\u00fcnstiger, zum gleichen Preis ist es auch bei <a href=\"http:\/\/www.amazon.de\/Sand-ebook\/dp\/B006FPZZYU\/ref=sr_1_1?s=digital-text&amp;ie=UTF8&amp;qid=1328831887&amp;sr=1-1\" target=\"_blank\">Amazon.de<\/a> f\u00fcr den Kindle erh\u00e4ltlich.<\/p>\n<\/li>\n<\/ul>\n<p align=\"left\">Drei der f\u00fcnf nominierten B\u00fccher sind also digital erh\u00e4ltlich, dies ist ein wirklich gutes Ergebnis. Ein weiteres Buch l\u00e4sst sich vorbestellen. Nur beim Buch von Hahn scheint es keine geplante digitale Ausgabe zu geben.<\/p>\n<p align=\"left\">Abstimmen kann das Publikum \u00fcbrigens direkt auf der Homepage der <a href=\"http:\/\/www.preis-der-leipziger-buchmesse.de\/LeMMon\/plb_web_ger.nsf\/frames?OpenPage&amp;Code=0x00x8x\" target=\"_blank\">Leipziger Buchmesse<\/a> oder auf der Seite von <a href=\"http:\/\/www.literaturcafe.de\/preis-der-leipziger-buchmesse-abstimmung-publikumspreis-2012\/\" target=\"_blank\">Literaturcafe.de<\/a>.<\/p>\n<p align=\"left\">Hier der aktuelle Zwischenstand:<\/p>\n<p align=\"left\"><a href=\"http:\/\/www.preis-der-leipziger-buchmesse.de\/LeMMon\/plb_web_ger.nsf\/frames?OpenPage&amp;Code=0x00x8x\" target=\"_blank\"><img loading=\"lazy\" decoding=\"async\" style=\"background-image: none; padding-left: 0px; padding-right: 0px; display: inline; padding-top: 0px; border: 0px;\" title=\"c201winr\" src=\"http:\/\/blog.kurtjakob.ch\/uploads\/Publikumspreis--Leipziger-Buchmesse_4EF\/c201winr.jpg\" alt=\"c201winr\" width=\"361\" height=\"279\" border=\"0\" \/><\/a><\/p>\n<p><\/p>\n","protected":false},"excerpt":{"rendered":"<p>Die Leipziger Buchmesse findet vom 15. &#8211; 18. M\u00e4rz 2012 statt mit Lesungen, Fachvortr\u00e4gen, Diskussionen, Fortbildungsveranstaltungen, Preisverleihungen &#8211; das gr\u00f6sste Lesefeste Europas, wie auf Twitter gemeldet wird. F\u00fcr den Publikumspreis gibt es f\u00fcnf Nominierte, diese findet man hier. Da das Publikum nun dar\u00fcber abstimmen kann, welcher der f\u00fcnf Titel ihm am besten gef\u00e4llt, habe ich [&hellip;]<\/p>\n","protected":false},"author":4,"featured_media":0,"comment_status":"open","ping_status":"open","sticky":false,"template":"","format":"standard","meta":{"footnotes":""},"categories":[1],"tags":[27,6],"class_list":["post-318","post","type-post","status-publish","format-standard","hentry","category-uncategorized","tag-ebook","tag-literatur"],"_links":{"self":[{"href":"https:\/\/kurtjakob.ch\/index.php?rest_route=\/wp\/v2\/posts\/318","targetHints":{"allow":["GET"]}}],"collection":[{"href":"https:\/\/kurtjakob.ch\/index.php?rest_route=\/wp\/v2\/posts"}],"about":[{"href":"https:\/\/kurtjakob.ch\/index.php?rest_route=\/wp\/v2\/types\/post"}],"author":[{"embeddable":true,"href":"https:\/\/kurtjakob.ch\/index.php?rest_route=\/wp\/v2\/users\/4"}],"replies":[{"embeddable":true,"href":"https:\/\/kurtjakob.ch\/index.php?rest_route=%2Fwp%2Fv2%2Fcomments&post=318"}],"version-history":[{"count":0,"href":"https:\/\/kurtjakob.ch\/index.php?rest_route=\/wp\/v2\/posts\/318\/revisions"}],"wp:attachment":[{"href":"https:\/\/kurtjakob.ch\/index.php?rest_route=%2Fwp%2Fv2%2Fmedia&parent=318"}],"wp:term":[{"taxonomy":"category","embeddable":true,"href":"https:\/\/kurtjakob.ch\/index.php?rest_route=%2Fwp%2Fv2%2Fcategories&post=318"},{"taxonomy":"post_tag","embeddable":true,"href":"https:\/\/kurtjakob.ch\/index.php?rest_route=%2Fwp%2Fv2%2Ftags&post=318"}],"curies":[{"name":"wp","href":"https:\/\/api.w.org\/{rel}","templated":true}]}}