{"id":316,"date":"2012-02-06T19:59:06","date_gmt":"2012-02-06T19:59:06","guid":{"rendered":"http:\/\/wp.kurtjakob.ch\/?p=316"},"modified":"2012-02-06T19:59:06","modified_gmt":"2012-02-06T19:59:06","slug":"beamer-und-powerpoint-als-problem","status":"publish","type":"post","link":"https:\/\/kurtjakob.ch\/?p=316","title":{"rendered":"Beamer und Powerpoint als Problem"},"content":{"rendered":"<p align=\"left\">In einem Blogbeitrag &#8222;<a href=\"http:\/\/gabi-reinmann.de\/?p=3079\" target=\"_blank\">Die Wand zwischen den Studierenden und mir hat einen Namen&#8220;<\/a> hat Gabi Reinmann, Professorin f\u00fcr Medienp\u00e4dagogik an der Universit\u00e4t Augsburg und Professorin f\u00fcr Lehren und Lernen mit Medien an der Universit\u00e4t der Bundeswehr M\u00fcnchen, darauf aufmerksam gemacht, dass sie bei Veranstaltungen ohne Beamer viel mehr Aufmerksamkeit, gr\u00f6\u00dfere Ruhe gehabt habe und dass ein relativ gro\u00dfer Teil der Studierenden sogar rege diskutiert hat. Als sie aber in einer folgenden Veranstaltung den Beamer eingeschaltet habe, sei es wesentlich unruhiger geworden und die Teilnehmenden seien weniger aufmerksam gewesen. Warum das? F\u00fcr Gabi Reinmann ist klar der Beamer schuld daran.<\/p>\n<p align=\"left\">In den Kommentaren zu diesem Beitrag wird der Fokus nun sehr schnell auf PowerPoint verschoben. Schuld sei also nicht der Beamer, sondern die Powerpoint-Folien. In einem Kommentar von Robert Aust wird schlie\u00dflich auf <a href=\"http:\/\/www.uni-rostock.de\/detailseite\/news-artikel\/professor-warnt-vor-power-point-praesentation\/\" target=\"_blank\">eine Studie<\/a> von Prof. Nieke an der Uni Rostock verwiesen. Der Kommentator bemerkt dann<\/p>\n<blockquote>\n<p align=\"left\">Die Pressemitteilung ist zwar etwas d\u00fcrftig, bei Nachfrage schickt Herr Prof. Nieke aber den vorl\u00e4ufigen Bericht.<\/p>\n<\/blockquote>\n<p align=\"left\">In der Tat wird auf der Seite, die den Titel tr\u00e4gt \u201e<a href=\"http:\/\/www.uni-rostock.de\/detailseite\/news-artikel\/professor-warnt-vor-power-point-praesentation\/\" target=\"_blank\">Ergebnis einer Studie von Prof. Dr. Wolfgang Nieke<\/a>&#8222;, einfach Folgendes behauptet:<\/p>\n<blockquote>\n<p align=\"left\">Rostocker Wissenschaftler unter Leitung von Professor Wolfgang Nieke, haben jetzt herausgefunden, dass die so weit verbreitete Art, seine Vortr\u00e4ge zu untermalen, die schlechteste aller m\u00f6glichen Varianten ist, weil bei den Zuh\u00f6rern im Vergleich am wenigsten im Ged\u00e4chtnis bleibt. Das Arbeitsged\u00e4chtnis wird unn\u00f6tig belastet, denn es hat laut\u00a0 Rostocker Wissenschaftler, \u201eeine beschr\u00e4nkte Kapazit\u00e4t\u201c. Den Lernenden gehen so viele wichtige Informationen verloren. Am besten &#8211; und da ist die \u00dcberraschung perfekt &#8211; schnitt die gute alte Pr\u00e4sentation mit Folie und Overhead-Projektor ab. Das hat die beste Wirkung auf den Lerneffekt. Auf Platz 2 kommt der Vortrag.<\/p>\n<\/blockquote>\n<p align=\"left\">Die Studie ist nicht einsehbar. Ich gehe davon aus, dass sie existiert, aber ohne Detailwissen sollte man doch eher abwartend reagieren.<\/p>\n<p align=\"left\">Interessant ist nun, dass offenbar einige Kommentatoren, ohne die Studie genau zu kennen, also nur auf der Grundlage dieser rudiment\u00e4ren Mitteilung ihre gewagten Schl\u00fcsse ziehen.<\/p>\n<p align=\"left\">So liest man auf einer Seite mit dem Titel \u201e<a href=\"http:\/\/www.pressetext.com\/news\/20110901037\" target=\"_blank\">Power-Point-Pr\u00e4sentationen schaden Lernerfolg<\/a>&#8220; bei pressetext.com etwa<\/p>\n<blockquote>\n<p align=\"left\">Der Lernerfolg bei Power-Point-Pr\u00e4sentationen ist im Vergleich zu Overhead-Folien und dem klassischen Vortrag kleiner. Zu diesem Ergebnis kommt eine Studie des Lehrstuhls f\u00fcr P\u00e4dagogik der Universit\u00e4t Rostock.<\/p>\n<\/blockquote>\n<p align=\"left\">Auch auf der Seite karrieretrends.de liest man genau dasselbe unter dem Titel \u201e<a href=\"http:\/\/www.karrieretrends.de\/wissen\/analysen-und-studien\/power-point-praesentationen-nicht-immer-gut-fuers-denken\/0011393\/\" target=\"_blank\">Power-Point-Pr\u00e4sentationen nicht immer gut f\u00fcrs Denken&#8220;<\/a>.<\/p>\n<p align=\"left\">Dieselbe Meldung wird ebenfalls auf <a href=\"http:\/\/www.paradisi.de\/Health_und_Ernaehrung\/Anatomie\/Gedaechtnis\/News\/50180.php\" target=\"_blank\">paradisi.de<\/a>, auf <a href=\"http:\/\/www.news4teachers.de\/2011\/09\/studie-power-point-bringt-wenig\/\" target=\"_blank\">news4teachers.de<\/a> und <a href=\"http:\/\/www.krone.at\/Digital\/Professor_warnt_vor_Praesentationen_mit_PowerPoint-Schadet_dem_Denken-Story-295186\" target=\"_blank\">krone.at<\/a>, um nur einige zu nennen. Eine Suche auf google zeigt, wie viele Seiten den Text der Webseite der Uni Rostock einfach \u00fcbernommen haben.<\/p>\n<p align=\"left\">Wesentlich kritischer geht der Lehrerfreund im Beitrag \u201e<a href=\"http:\/\/www.lehrerfreund.de\/in\/schule\/1s\/powerpoint-praesentation-lerneffekt\/3980\/\" target=\"_blank\">Kein Lerneffekt &#8211; Powerpoint-Pr\u00e4sentationen: Da rein, da raus<\/a>\u201e vor. Hier wird einerseits auf die Kognitionspsychologie, auf Richard E. Mayer und John Sweller verwiesen. Diese Forscher verwiesen darauf, dass \u201edie synchrone Pr\u00e4sentation von identischen Text- und Bild-Inhalten\u201c das Arbeitsged\u00e4chtnis \u00fcberlaste. Dies gelte allerdings, so der Lehrerfreund, nur f\u00fcr komplexe Inhalte.<\/p>\n<blockquote>\n<p align=\"left\">Powerpoint-Pr\u00e4sentationen des Alltags (&#8222;Das Leben Goethes&#8220;, &#8222;Entwicklung unserer Umsatzzahlen&#8220;, &#8222;Der Regenwald&#8220;) sind in der Regel inhaltlich anspruchslos und damit einfach zu verstehen. Selbst wenn man w\u00e4hrend der Pr\u00e4sentation die Informationen noch \u00fcber einen dritten Kanal vermittelt bek\u00e4me (z.B. mit Akupunkturnadeln in Blindenschrift auf die Haut), k\u00f6nnte man problemlos folgen und den Transfer ins Langzeitged\u00e4chtnis leisten.<\/p>\n<\/blockquote>\n<p align=\"left\">Wo liegt also das Problem, wenn die Zuh\u00f6rer bei solchen einfachen Alltagsthemen der Schule nicht aufpassen?<\/p>\n<blockquote>\n<p align=\"left\">Die Ursache f\u00fcr die Studienergebnisse von Prof. Nieke ist vielmehr darin zu sehen, dass sich beim Pr\u00e4sentieren mit Powerpoint einige stumpfsinnige Konventionen eingeb\u00fcrgert haben, zum Beispiel:<\/p>\n<p>&#8211; Verwendung von Aufz\u00e4hlungslisten (Bullet-Listen)<br \/>\n&#8211; \u00c3\u0153berfrachtung der Folien mit Text<br \/>\n&#8211; Folien werden vorgelesen<br \/>\n&#8211; Visualisierung wird ersetzt durch Text<\/p>\n<p align=\"left\">Dadurch werden Vortr\u00e4ge zu ultralangweiligen, undynamischen Veranstaltungen, die weder Interesse erzeugen noch die Inhalte eing\u00e4ngig vorstellen.<\/p>\n<\/blockquote>\n<p align=\"left\">Dem ist wirklich nichts mehr beizuf\u00fcgen. Sch\u00f6ne Beispiele runden den guten Artikel aus dem Lehrerfreund ab.<\/p>\n<table width=\"468\" border=\"0\" cellspacing=\"0\" cellpadding=\"2\">\n<tbody>\n<tr>\n<td valign=\"top\" width=\"73\"><a class=\"twitter-share-button\" href=\"http:\/\/twitter.com\/share\" data-lang=\"de\" data-via=\"kjakob\" data-count=\"none\" data-url=\"http:\/\/blog.kurtjakob.ch\/index.php?\/archives\/390-Beamer-und-Powerpoint-als-Problem.html\">Tweet<\/a><script type=\"text\/javascript\" src=\"http:\/\/platform.twitter.com\/widgets.js\"><\/script><\/td>\n<td valign=\"top\" width=\"307\"><iframe loading=\"lazy\" style=\"border-style: none; width: 450px; height: 25px; overflow: hidden;\" src=\"http:\/\/www.facebook.com\/plugins\/like.php?href=http%3A%2F%2Fblog.kurtjakob.ch%2Findex.php?%2Farchives%2F390-Beamer-und-Powerpoint-als-Problem.html&amp;layout=standard&amp;show_faces=false&amp;width=450&amp;action=like&amp;font=arial&amp;colorscheme=light&amp;height=25\" frameborder=\"0\" scrolling=\"no\" width=\"320\" height=\"240\"><\/iframe><\/td>\n<\/tr>\n<\/tbody>\n<\/table>\n","protected":false},"excerpt":{"rendered":"<p>In einem Blogbeitrag &#8222;Die Wand zwischen den Studierenden und mir hat einen Namen&#8220; hat Gabi Reinmann, Professorin f\u00fcr Medienp\u00e4dagogik an der Universit\u00e4t Augsburg und Professorin f\u00fcr Lehren und Lernen mit Medien an der Universit\u00e4t der Bundeswehr M\u00fcnchen, darauf aufmerksam gemacht, dass sie bei Veranstaltungen ohne Beamer viel mehr Aufmerksamkeit, gr\u00f6\u00dfere Ruhe gehabt habe und dass [&hellip;]<\/p>\n","protected":false},"author":4,"featured_media":0,"comment_status":"open","ping_status":"open","sticky":false,"template":"","format":"standard","meta":{"footnotes":""},"categories":[1],"tags":[86,23,77],"class_list":["post-316","post","type-post","status-publish","format-standard","hentry","category-uncategorized","tag-prasentation","tag-unterrricht","tag-visualisierung"],"_links":{"self":[{"href":"https:\/\/kurtjakob.ch\/index.php?rest_route=\/wp\/v2\/posts\/316","targetHints":{"allow":["GET"]}}],"collection":[{"href":"https:\/\/kurtjakob.ch\/index.php?rest_route=\/wp\/v2\/posts"}],"about":[{"href":"https:\/\/kurtjakob.ch\/index.php?rest_route=\/wp\/v2\/types\/post"}],"author":[{"embeddable":true,"href":"https:\/\/kurtjakob.ch\/index.php?rest_route=\/wp\/v2\/users\/4"}],"replies":[{"embeddable":true,"href":"https:\/\/kurtjakob.ch\/index.php?rest_route=%2Fwp%2Fv2%2Fcomments&post=316"}],"version-history":[{"count":0,"href":"https:\/\/kurtjakob.ch\/index.php?rest_route=\/wp\/v2\/posts\/316\/revisions"}],"wp:attachment":[{"href":"https:\/\/kurtjakob.ch\/index.php?rest_route=%2Fwp%2Fv2%2Fmedia&parent=316"}],"wp:term":[{"taxonomy":"category","embeddable":true,"href":"https:\/\/kurtjakob.ch\/index.php?rest_route=%2Fwp%2Fv2%2Fcategories&post=316"},{"taxonomy":"post_tag","embeddable":true,"href":"https:\/\/kurtjakob.ch\/index.php?rest_route=%2Fwp%2Fv2%2Ftags&post=316"}],"curies":[{"name":"wp","href":"https:\/\/api.w.org\/{rel}","templated":true}]}}