{"id":313,"date":"2011-12-09T20:06:45","date_gmt":"2011-12-09T20:06:45","guid":{"rendered":"http:\/\/wp.kurtjakob.ch\/?p=313"},"modified":"2021-05-01T21:10:07","modified_gmt":"2021-05-01T21:10:07","slug":"pausenbescha%c2%a4ftigung","status":"publish","type":"post","link":"https:\/\/kurtjakob.ch\/?p=313","title":{"rendered":"Pausenbesch\u00e4ftigung"},"content":{"rendered":"<p>Letzte Woche w\u00e4hrend einer Pause am Morgen habe ich einige Bilder in einer Klasse gemacht. 21 am Smartphone, nur zwei sind anders besch\u00e4ftigt.<\/p>\n<p align=\"left\"><a href=\"http:\/\/blog.kurtjakob.ch\/uploads\/Pausenbeschftigung_12710\/pause01.jpg\"><img loading=\"lazy\" decoding=\"async\" style=\"background-image: none; padding-left: 0px; padding-right: 0px; display: inline; padding-top: 0px; border: 0px;\" title=\"pause01\" src=\"http:\/\/blog.kurtjakob.ch\/uploads\/Pausenbeschftigung_12710\/pause01_thumb.jpg\" alt=\"pause01\" width=\"366\" height=\"366\" border=\"0\" \/><\/a><\/p>\n<p align=\"left\">Und was machen die Sch\u00fclerinnen an diesen Ger\u00e4ten? Hier die Antwort:<\/p>\n<p align=\"left\"><a href=\"http:\/\/blog.kurtjakob.ch\/uploads\/Pausenbeschftigung_12710\/09122011210340.jpg\"><img loading=\"lazy\" decoding=\"async\" style=\"background-image: none; padding-left: 0px; padding-right: 0px; display: inline; padding-top: 0px; border: 0px;\" title=\"09122011210340\" src=\"http:\/\/blog.kurtjakob.ch\/uploads\/Pausenbeschftigung_12710\/09122011210340_thumb.jpg\" alt=\"09122011210340\" width=\"376\" height=\"532\" border=\"0\" \/><\/a><\/p>\n<table border=\"0\" width=\"468\" cellspacing=\"0\" cellpadding=\"2\">\n<tbody>\n<tr>\n<td valign=\"top\" width=\"73\"><a class=\"twitter-share-button\" href=\"http:\/\/twitter.com\/share\" data-lang=\"de\" data-via=\"kjakob\" data-count=\"none\" data-url=\"http:\/\/blog.kurtjakob.ch\/index.php?\/archives\/387-Pausenbeschaeftigung.html\">Tweet<\/a><script type=\"text\/javascript\" src=\"http:\/\/platform.twitter.com\/widgets.js\"><\/script><\/td>\n<td valign=\"top\" width=\"307\"><iframe loading=\"lazy\" style=\"border-style: none; width: 450px; height: 25px; overflow: hidden;\" src=\"http:\/\/www.facebook.com\/plugins\/like.php?href=http%3A%2F%2Fblog.kurtjakob.ch%2Findex.php?%2Farchives%2F387-Pausenbeschaeftigung.html&amp;layout=standard&amp;show_faces=false&amp;width=450&amp;action=like&amp;font=arial&amp;colorscheme=light&amp;height=25\" width=\"320\" height=\"240\" frameborder=\"0\" scrolling=\"no\"><\/iframe><\/td>\n<\/tr>\n<\/tbody>\n<\/table>\n","protected":false},"excerpt":{"rendered":"<p>Letzte Woche w\u00e4hrend einer Pause am Morgen habe ich einige Bilder in einer Klasse gemacht. 21 am Smartphone, nur zwei sind anders besch\u00e4ftigt. Und was machen die Sch\u00fclerinnen an diesen Ger\u00e4ten? Hier die Antwort: Tweet<\/p>\n","protected":false},"author":4,"featured_media":0,"comment_status":"open","ping_status":"open","sticky":false,"template":"","format":"standard","meta":{"footnotes":""},"categories":[212],"tags":[75,73,4],"class_list":["post-313","post","type-post","status-publish","format-standard","hentry","category-schule","tag-digitale-welt","tag-mobile","tag-schulischer-alltag"],"_links":{"self":[{"href":"https:\/\/kurtjakob.ch\/index.php?rest_route=\/wp\/v2\/posts\/313","targetHints":{"allow":["GET"]}}],"collection":[{"href":"https:\/\/kurtjakob.ch\/index.php?rest_route=\/wp\/v2\/posts"}],"about":[{"href":"https:\/\/kurtjakob.ch\/index.php?rest_route=\/wp\/v2\/types\/post"}],"author":[{"embeddable":true,"href":"https:\/\/kurtjakob.ch\/index.php?rest_route=\/wp\/v2\/users\/4"}],"replies":[{"embeddable":true,"href":"https:\/\/kurtjakob.ch\/index.php?rest_route=%2Fwp%2Fv2%2Fcomments&post=313"}],"version-history":[{"count":1,"href":"https:\/\/kurtjakob.ch\/index.php?rest_route=\/wp\/v2\/posts\/313\/revisions"}],"predecessor-version":[{"id":2804,"href":"https:\/\/kurtjakob.ch\/index.php?rest_route=\/wp\/v2\/posts\/313\/revisions\/2804"}],"wp:attachment":[{"href":"https:\/\/kurtjakob.ch\/index.php?rest_route=%2Fwp%2Fv2%2Fmedia&parent=313"}],"wp:term":[{"taxonomy":"category","embeddable":true,"href":"https:\/\/kurtjakob.ch\/index.php?rest_route=%2Fwp%2Fv2%2Fcategories&post=313"},{"taxonomy":"post_tag","embeddable":true,"href":"https:\/\/kurtjakob.ch\/index.php?rest_route=%2Fwp%2Fv2%2Ftags&post=313"}],"curies":[{"name":"wp","href":"https:\/\/api.w.org\/{rel}","templated":true}]}}