{"id":310,"date":"2011-11-18T10:39:32","date_gmt":"2011-11-18T10:39:32","guid":{"rendered":"http:\/\/wp.kurtjakob.ch\/?p=310"},"modified":"2011-11-18T10:39:32","modified_gmt":"2011-11-18T10:39:32","slug":"anglizismus-des-jahres-2011","status":"publish","type":"post","link":"https:\/\/kurtjakob.ch\/?p=310","title":{"rendered":"Anglizismus des Jahres 2011"},"content":{"rendered":"<p style=\"text-align: left;\"><a href=\"http:\/\/www.anglizismusdesjahres.de\/nominierungen-2011\/\" target=\"_blank\"><img loading=\"lazy\" decoding=\"async\" style=\"background-image: none; padding-left: 0px; padding-right: 0px; display: inline; padding-top: 0px; border: 0px;\" title=\"u510orya\" src=\"http:\/\/blog.kurtjakob.ch\/uploads\/eb969aecb319_A338\/u510orya.jpg\" alt=\"u510orya\" width=\"341\" height=\"60\" border=\"0\" \/><\/a><\/p>\n<p style=\"text-align: left;\">Eben bin ich \u00fcber einen Twitterbeitrag vo <span style=\"line-height: 20px; background-color: #e5e5e5; font-family: 'Lucida Grande', 'Lucida Sans', 'Segoe UI', tahoma, arial, sans-serif; color: #0099cc; font-weight: bold;\"><a href=\"http:\/\/www.literaturcafe.de\" target=\"_blank\">literaturcafe.de<\/a><\/span> auf diesen Beitrag gestossen<\/p>\n<blockquote><p><span style=\"line-height: 20px; background-color: #ffffff; font-family: 'Helvetica Neue', arial, helvetica, 'Nimbus Sans L', sans-serif; color: #333333;\">Alle hassen englische Lehnw\u00f6rter. Wir nicht. Wir geben jedem neuen Wort, egal, woher es stammt, zun\u00e4chst einmal die Gelegenheit, seine N\u00fctzlichkeit unter Beweis zu stellen und vertrauen darauf, dass die Sprachgemeinschaft \u00fcberfl\u00fcssige W\u00f6rter schnell wieder aussortiert.<\/span><\/p><\/blockquote>\n<p style=\"text-align: left;\"><span style=\"font-family: 'Helvetica Neue', arial, helvetica, 'Nimbus Sans L', sans-serif; color: #333333;\"><span style=\"line-height: 20px;\">Die Nominierungen laufen bis zum 7. Januar 2012. Ich werde in den kommenden Deutschlektionen die Sch\u00fcler gute Beispiele sammeln lassen.<\/span><\/span><\/p>\n<p><a href=\"http:\/\/www.anglizismusdesjahres.de\/nominierungen-2011\/\">Nominierungen | Anglizismus des Jahres<\/a><\/p>\n<p><\/p>\n","protected":false},"excerpt":{"rendered":"<p>Eben bin ich \u00fcber einen Twitterbeitrag vo literaturcafe.de auf diesen Beitrag gestossen Alle hassen englische Lehnw\u00f6rter. Wir nicht. Wir geben jedem neuen Wort, egal, woher es stammt, zun\u00e4chst einmal die Gelegenheit, seine N\u00fctzlichkeit unter Beweis zu stellen und vertrauen darauf, dass die Sprachgemeinschaft \u00fcberfl\u00fcssige W\u00f6rter schnell wieder aussortiert. Die Nominierungen laufen bis zum 7. Januar [&hellip;]<\/p>\n","protected":false},"author":4,"featured_media":0,"comment_status":"open","ping_status":"open","sticky":false,"template":"","format":"standard","meta":{"footnotes":""},"categories":[1],"tags":[97],"class_list":["post-310","post","type-post","status-publish","format-standard","hentry","category-uncategorized","tag-sprachliches"],"_links":{"self":[{"href":"https:\/\/kurtjakob.ch\/index.php?rest_route=\/wp\/v2\/posts\/310","targetHints":{"allow":["GET"]}}],"collection":[{"href":"https:\/\/kurtjakob.ch\/index.php?rest_route=\/wp\/v2\/posts"}],"about":[{"href":"https:\/\/kurtjakob.ch\/index.php?rest_route=\/wp\/v2\/types\/post"}],"author":[{"embeddable":true,"href":"https:\/\/kurtjakob.ch\/index.php?rest_route=\/wp\/v2\/users\/4"}],"replies":[{"embeddable":true,"href":"https:\/\/kurtjakob.ch\/index.php?rest_route=%2Fwp%2Fv2%2Fcomments&post=310"}],"version-history":[{"count":0,"href":"https:\/\/kurtjakob.ch\/index.php?rest_route=\/wp\/v2\/posts\/310\/revisions"}],"wp:attachment":[{"href":"https:\/\/kurtjakob.ch\/index.php?rest_route=%2Fwp%2Fv2%2Fmedia&parent=310"}],"wp:term":[{"taxonomy":"category","embeddable":true,"href":"https:\/\/kurtjakob.ch\/index.php?rest_route=%2Fwp%2Fv2%2Fcategories&post=310"},{"taxonomy":"post_tag","embeddable":true,"href":"https:\/\/kurtjakob.ch\/index.php?rest_route=%2Fwp%2Fv2%2Ftags&post=310"}],"curies":[{"name":"wp","href":"https:\/\/api.w.org\/{rel}","templated":true}]}}