{"id":31,"date":"2006-12-05T20:56:00","date_gmt":"2006-12-05T20:56:00","guid":{"rendered":"http:\/\/wp.kurtjakob.ch\/?p=31"},"modified":"2021-05-01T14:43:33","modified_gmt":"2021-05-01T14:43:33","slug":"angst-des-lehrers-vor-der-a-ffentlichkeit","status":"publish","type":"post","link":"https:\/\/kurtjakob.ch\/?p=31","title":{"rendered":"Angst des Lehrers vor der \u00d6ffentlichkeit"},"content":{"rendered":"<p><span style=\"font-size: medium;\">Ich habe vor einiger Zeit einer Gruppe von Lehrern ge\u00e4ussert, dass ich gerne besser informiert w\u00e4re \u00fcber die verschiedenen Aktivit\u00e4ten an unserer Schule. W\u00e4hrend der Spezialwoche wussten wir meist nicht, was unsere Kollegen im Moment mit den Sch\u00fclern machen. Ich schw\u00e4rmte aus diesem Grund von einem System, das alle Interessierten dar\u00fcber informieren w\u00fcrde, was im Moment an der Schule gemacht wird oder was gemacht wurde. Selbstverst\u00e4ndlich k\u00f6nnte man auch \u00fcber geplante Projekte informieren.<\/span><\/p>\n<p><span style=\"font-size: medium;\">T\u00f6nt doch alles gut &#8211; da kamen aber die Kritiker zu Wort: Solche \u00d6ffentlichkeitsarbeit sei heuchlerisch. Man w\u00fcrde doch nur versuchen, sich m\u00f6glichst gut zu verkaufen. Das hat mich doch etwas irritiert. Inwiefern soll es den heuchlerisch sein, sich gut zu verkaufen?<\/span><\/p>\n<p><span style=\"font-size: medium;\">Zum andern wurde bem\u00e4ngelt, dass eine solche Aktivit\u00e4t eben eine zus\u00e4tzliche Dienstleistung sei, und daf\u00fcr habe man schlicht keine Zeit. F\u00fcr mich ist aber klar, dass eine solche Informationsleistung nur eine gemeinsame sein kann. Die Sch\u00fcler\/innen helfen selbstverst\u00e4ndlich mit. Da aber kam erneute Kritik. Man traute ihnen dies schlicht nicht zu. Auch das irritiert mich stark. Warum k\u00f6nnen Sch\u00fcler nicht dar\u00fcber schreiben, was sie machen oder gemacht haben? Sie k\u00f6nnen solche Aktivit\u00e4ten nat\u00fcrlich auch mit Bildern illustrieren.<\/span><\/p>\n<p><span style=\"font-size: medium;\">Schliesslich bem\u00e4ngelte man, dass man gar nicht alles \u00f6ffentlich machen wolle, was so an einer Schule geschehe. Das aber irritiert mich am meisten. Eine Schule ist doch eine \u00f6ffentliche Institution. Da hat doch die \u00d6ffentlichkeit ein Interesse daran, zu sehen, was alles geschieht.<\/span><\/p>\n<p><span style=\"font-size: medium;\">Die Zeit scheint noch nicht reif zu sein. Aber die Hoffnung stirbt ja bekanntlich zuletzt.<\/span><\/p>\n","protected":false},"excerpt":{"rendered":"<p>Ich habe vor einiger Zeit einer Gruppe von Lehrern ge\u00e4ussert, dass ich gerne besser informiert w\u00e4re \u00fcber die verschiedenen Aktivit\u00e4ten an unserer Schule. W\u00e4hrend der Spezialwoche wussten wir meist nicht, was unsere Kollegen im Moment mit den Sch\u00fclern machen. Ich schw\u00e4rmte aus diesem Grund von einem System, das alle Interessierten dar\u00fcber informieren w\u00fcrde, was im [&hellip;]<\/p>\n","protected":false},"author":3,"featured_media":0,"comment_status":"open","ping_status":"open","sticky":false,"template":"","format":"standard","meta":{"footnotes":""},"categories":[212],"tags":[28,4],"class_list":["post-31","post","type-post","status-publish","format-standard","hentry","category-schule","tag-lehrer","tag-schulischer-alltag"],"_links":{"self":[{"href":"https:\/\/kurtjakob.ch\/index.php?rest_route=\/wp\/v2\/posts\/31","targetHints":{"allow":["GET"]}}],"collection":[{"href":"https:\/\/kurtjakob.ch\/index.php?rest_route=\/wp\/v2\/posts"}],"about":[{"href":"https:\/\/kurtjakob.ch\/index.php?rest_route=\/wp\/v2\/types\/post"}],"author":[{"embeddable":true,"href":"https:\/\/kurtjakob.ch\/index.php?rest_route=\/wp\/v2\/users\/3"}],"replies":[{"embeddable":true,"href":"https:\/\/kurtjakob.ch\/index.php?rest_route=%2Fwp%2Fv2%2Fcomments&post=31"}],"version-history":[{"count":2,"href":"https:\/\/kurtjakob.ch\/index.php?rest_route=\/wp\/v2\/posts\/31\/revisions"}],"predecessor-version":[{"id":2767,"href":"https:\/\/kurtjakob.ch\/index.php?rest_route=\/wp\/v2\/posts\/31\/revisions\/2767"}],"wp:attachment":[{"href":"https:\/\/kurtjakob.ch\/index.php?rest_route=%2Fwp%2Fv2%2Fmedia&parent=31"}],"wp:term":[{"taxonomy":"category","embeddable":true,"href":"https:\/\/kurtjakob.ch\/index.php?rest_route=%2Fwp%2Fv2%2Fcategories&post=31"},{"taxonomy":"post_tag","embeddable":true,"href":"https:\/\/kurtjakob.ch\/index.php?rest_route=%2Fwp%2Fv2%2Ftags&post=31"}],"curies":[{"name":"wp","href":"https:\/\/api.w.org\/{rel}","templated":true}]}}