{"id":309,"date":"2011-11-09T22:48:17","date_gmt":"2011-11-09T22:48:17","guid":{"rendered":"http:\/\/wp.kurtjakob.ch\/?p=309"},"modified":"2011-11-09T22:48:17","modified_gmt":"2011-11-09T22:48:17","slug":"neues-interesse-an-der-deutschen-sprache","status":"publish","type":"post","link":"https:\/\/kurtjakob.ch\/?p=309","title":{"rendered":"Neues Interesse an der deutschen Sprache"},"content":{"rendered":"<p align=\"left\">Auf <a href=\"http:\/\/www.news.ch\/Sprunghaft+gestiegenes+Interesse+an+deutscher+Sprache\/514806\/detail.htm\" target=\"_blank\">news.ch<\/a> habe ich eben Folgendes gelesen:<\/p>\n<blockquote>\n<p align=\"left\">Die deutsche Sprache erlebt in Europa eine Renaissance. Nach jahrelang stagnierenden Zahlen registrieren die Goethe-Institute in den s\u00fcdeurop\u00e4ischen Krisenl\u00e4ndern und in Osteuropa ein sprunghaft gestiegenes Interesse von jungen Menschen, Deutsch zu lernen.<\/p>\n<\/blockquote>\n<p align=\"left\">Das h\u00f6rt der Deutschlehrer nat\u00fcrlich gerne. Ich frage mich allerdings schon, warum in Griechenland heute jeder zweite Gymnasiast Deutsch als Fremdsprache w\u00e4hlt. Wie in der \u201e<a href=\"http:\/\/www.welt.de\/print\/wams\/vermischtes\/article13687834\/Deutschland-ist-unsere-Zukunft.html\" target=\"_blank\">Welt am Sonntag<\/a>\u201e steht, wittern offenbar viele \u201edie Chance, die rund eine Million offenen Stellen auf dem deutschen Arbeitsmarkt zu besetzen.\u201c<\/p>\n<p><\/p>\n","protected":false},"excerpt":{"rendered":"<p>Auf news.ch habe ich eben Folgendes gelesen: Die deutsche Sprache erlebt in Europa eine Renaissance. Nach jahrelang stagnierenden Zahlen registrieren die Goethe-Institute in den s\u00fcdeurop\u00e4ischen Krisenl\u00e4ndern und in Osteuropa ein sprunghaft gestiegenes Interesse von jungen Menschen, Deutsch zu lernen. Das h\u00f6rt der Deutschlehrer nat\u00fcrlich gerne. Ich frage mich allerdings schon, warum in Griechenland heute jeder [&hellip;]<\/p>\n","protected":false},"author":4,"featured_media":0,"comment_status":"open","ping_status":"open","sticky":false,"template":"","format":"standard","meta":{"footnotes":""},"categories":[1],"tags":[100,97],"class_list":["post-309","post","type-post","status-publish","format-standard","hentry","category-uncategorized","tag-schule-lernen","tag-sprachliches"],"_links":{"self":[{"href":"https:\/\/kurtjakob.ch\/index.php?rest_route=\/wp\/v2\/posts\/309","targetHints":{"allow":["GET"]}}],"collection":[{"href":"https:\/\/kurtjakob.ch\/index.php?rest_route=\/wp\/v2\/posts"}],"about":[{"href":"https:\/\/kurtjakob.ch\/index.php?rest_route=\/wp\/v2\/types\/post"}],"author":[{"embeddable":true,"href":"https:\/\/kurtjakob.ch\/index.php?rest_route=\/wp\/v2\/users\/4"}],"replies":[{"embeddable":true,"href":"https:\/\/kurtjakob.ch\/index.php?rest_route=%2Fwp%2Fv2%2Fcomments&post=309"}],"version-history":[{"count":0,"href":"https:\/\/kurtjakob.ch\/index.php?rest_route=\/wp\/v2\/posts\/309\/revisions"}],"wp:attachment":[{"href":"https:\/\/kurtjakob.ch\/index.php?rest_route=%2Fwp%2Fv2%2Fmedia&parent=309"}],"wp:term":[{"taxonomy":"category","embeddable":true,"href":"https:\/\/kurtjakob.ch\/index.php?rest_route=%2Fwp%2Fv2%2Fcategories&post=309"},{"taxonomy":"post_tag","embeddable":true,"href":"https:\/\/kurtjakob.ch\/index.php?rest_route=%2Fwp%2Fv2%2Ftags&post=309"}],"curies":[{"name":"wp","href":"https:\/\/api.w.org\/{rel}","templated":true}]}}