{"id":308,"date":"2011-11-02T18:56:01","date_gmt":"2011-11-02T18:56:01","guid":{"rendered":"http:\/\/wp.kurtjakob.ch\/?p=308"},"modified":"2011-11-02T18:56:01","modified_gmt":"2011-11-02T18:56:01","slug":"kreativita%c2%a4t-im-unterricht","status":"publish","type":"post","link":"https:\/\/kurtjakob.ch\/?p=308","title":{"rendered":"Kreativit\u00e4t im Unterricht"},"content":{"rendered":"<p align=\"left\">Dass Sch\u00fcler im Unterricht auch sehr kreativ sein k\u00f6nnen, sollen die beiden Bilder zeigen. Sie stammen von einer Sch\u00fclerin, die mir mit ihrer zeichnerischen Nebent\u00e4tigkeit aufgefallen ist.<\/p>\n<p align=\"left\"><img loading=\"lazy\" decoding=\"async\" style=\"background-image: none; padding-left: 0px; padding-right: 0px; display: inline; padding-top: 0px; border: 0px;\" title=\"@P1190581-kl\" src=\"http:\/\/blog.kurtjakob.ch\/uploads\/Kreativitt-im-Unterricht_1167B\/P1190581-kl.jpg\" alt=\"@P1190581-kl\" width=\"364\" height=\"221\" border=\"0\" \/><\/p>\n<p align=\"left\"><img loading=\"lazy\" decoding=\"async\" style=\"background-image: none; padding-left: 0px; padding-right: 0px; display: inline; padding-top: 0px; border: 0px;\" title=\"@P1190711-kl\" src=\"http:\/\/blog.kurtjakob.ch\/uploads\/Kreativitt-im-Unterricht_1167B\/P1190711-kl.jpg\" alt=\"@P1190711-kl\" width=\"363\" height=\"224\" border=\"0\" \/><\/p>\n<p><\/p>\n","protected":false},"excerpt":{"rendered":"<p>Dass Sch\u00fcler im Unterricht auch sehr kreativ sein k\u00f6nnen, sollen die beiden Bilder zeigen. Sie stammen von einer Sch\u00fclerin, die mir mit ihrer zeichnerischen Nebent\u00e4tigkeit aufgefallen ist.<\/p>\n","protected":false},"author":3,"featured_media":0,"comment_status":"open","ping_status":"open","sticky":false,"template":"","format":"standard","meta":{"footnotes":""},"categories":[1],"tags":[112,23],"class_list":["post-308","post","type-post","status-publish","format-standard","hentry","category-uncategorized","tag-kreativitaet","tag-unterrricht"],"_links":{"self":[{"href":"https:\/\/kurtjakob.ch\/index.php?rest_route=\/wp\/v2\/posts\/308","targetHints":{"allow":["GET"]}}],"collection":[{"href":"https:\/\/kurtjakob.ch\/index.php?rest_route=\/wp\/v2\/posts"}],"about":[{"href":"https:\/\/kurtjakob.ch\/index.php?rest_route=\/wp\/v2\/types\/post"}],"author":[{"embeddable":true,"href":"https:\/\/kurtjakob.ch\/index.php?rest_route=\/wp\/v2\/users\/3"}],"replies":[{"embeddable":true,"href":"https:\/\/kurtjakob.ch\/index.php?rest_route=%2Fwp%2Fv2%2Fcomments&post=308"}],"version-history":[{"count":0,"href":"https:\/\/kurtjakob.ch\/index.php?rest_route=\/wp\/v2\/posts\/308\/revisions"}],"wp:attachment":[{"href":"https:\/\/kurtjakob.ch\/index.php?rest_route=%2Fwp%2Fv2%2Fmedia&parent=308"}],"wp:term":[{"taxonomy":"category","embeddable":true,"href":"https:\/\/kurtjakob.ch\/index.php?rest_route=%2Fwp%2Fv2%2Fcategories&post=308"},{"taxonomy":"post_tag","embeddable":true,"href":"https:\/\/kurtjakob.ch\/index.php?rest_route=%2Fwp%2Fv2%2Ftags&post=308"}],"curies":[{"name":"wp","href":"https:\/\/api.w.org\/{rel}","templated":true}]}}