{"id":3060,"date":"2021-05-15T19:00:37","date_gmt":"2021-05-15T19:00:37","guid":{"rendered":"https:\/\/kurtjakob.ch\/?p=3060"},"modified":"2021-05-18T20:07:40","modified_gmt":"2021-05-18T20:07:40","slug":"zitat-des-tages-14-5-21-2","status":"publish","type":"post","link":"https:\/\/kurtjakob.ch\/?p=3060","title":{"rendered":"Zitat des Tages &#8211; 15.5.21"},"content":{"rendered":"<p>Holger Gertz schreibt in der S\u00fcddeutschen Zeitung \u00fcber ein Projekt, das bereits 2019, also vor der Corona-Pandemie, an der Uni Bremen unter dem Titel <em>Eine Uni &#8211; ein Buch <\/em>gestartet worden ist. Ein Semester lang hat sich die Hochschule in verschiedenen Aktionen mit dem Buch besch\u00e4ftigt. Zwei Stimmen zur Aktualit\u00e4t des Buches:<\/p>\n<blockquote><p>Neele von D\u00f6hren sagt: &#8222;Ich habe &#8222;Die Pest&#8220; tats\u00e4chlich im vergangenen Herbst zum ersten Mal gelesen, als man den ganzen Corona-Hintergrund schon im Kopf hatte. Und ich fand es beeindruckend, wie exakt dort menschliche Z\u00fcge und Verhaltensweisen beschrieben werden, die man jetzt beobachten kann. Wie oft man im Buch etwas liest und sagt: Genau so ist es auch jetzt. Genau so und nicht anders.&#8220;Mah\u00e9 Cr\u00fcsemann sagt: &#8222;Vielleicht lernt der Mensch auch einfach nicht, denkt man da manchmal. Wir hatten es doch da liegen, das Buch. Viele haben es gelesen, auch schon vor Corona. Und jetzt wundern wir uns, dass es in vieler Hinsicht so kommt wie damals schon beschrieben. Das ist beruhigend, einerseits, weil Menschen \u00fcber Solidarit\u00e4t offenbar immer schon nachgedacht haben. Und es ist aber auch beunruhigend, weil aus diesem Nachdenken so wenig entstanden ist, was uns jetzt weiterbringt.&#8220;<\/p><\/blockquote>\n<p>Quelle: <em><a href=\"https:\/\/www.sueddeutsche.de\/kultur\/coronavirus-albert-camus-solidaritaet-1.5292608\">Corona und Solidarit\u00e4t: Was w\u00fcrde Albert Camus sagen? &#8211; Kultur &#8211; SZ.de<\/a><\/em><\/p>\n","protected":false},"excerpt":{"rendered":"<p>Holger Gertz schreibt in der S\u00fcddeutschen Zeitung \u00fcber ein Projekt, das bereits 2019, also vor der Corona-Pandemie, an der Uni Bremen unter dem Titel Eine Uni &#8211; ein Buch gestartet worden ist. Ein Semester lang hat sich die Hochschule in verschiedenen Aktionen mit dem Buch besch\u00e4ftigt. Zwei Stimmen zur Aktualit\u00e4t des Buches: Neele von D\u00f6hren [&hellip;]<\/p>\n","protected":false},"author":4,"featured_media":0,"comment_status":"open","ping_status":"open","sticky":false,"template":"","format":"standard","meta":{"footnotes":""},"categories":[197],"tags":[206,6,177],"class_list":["post-3060","post","type-post","status-publish","format-standard","hentry","category-e-auto","tag-corona","tag-literatur","tag-zitat"],"_links":{"self":[{"href":"https:\/\/kurtjakob.ch\/index.php?rest_route=\/wp\/v2\/posts\/3060","targetHints":{"allow":["GET"]}}],"collection":[{"href":"https:\/\/kurtjakob.ch\/index.php?rest_route=\/wp\/v2\/posts"}],"about":[{"href":"https:\/\/kurtjakob.ch\/index.php?rest_route=\/wp\/v2\/types\/post"}],"author":[{"embeddable":true,"href":"https:\/\/kurtjakob.ch\/index.php?rest_route=\/wp\/v2\/users\/4"}],"replies":[{"embeddable":true,"href":"https:\/\/kurtjakob.ch\/index.php?rest_route=%2Fwp%2Fv2%2Fcomments&post=3060"}],"version-history":[{"count":2,"href":"https:\/\/kurtjakob.ch\/index.php?rest_route=\/wp\/v2\/posts\/3060\/revisions"}],"predecessor-version":[{"id":3197,"href":"https:\/\/kurtjakob.ch\/index.php?rest_route=\/wp\/v2\/posts\/3060\/revisions\/3197"}],"wp:attachment":[{"href":"https:\/\/kurtjakob.ch\/index.php?rest_route=%2Fwp%2Fv2%2Fmedia&parent=3060"}],"wp:term":[{"taxonomy":"category","embeddable":true,"href":"https:\/\/kurtjakob.ch\/index.php?rest_route=%2Fwp%2Fv2%2Fcategories&post=3060"},{"taxonomy":"post_tag","embeddable":true,"href":"https:\/\/kurtjakob.ch\/index.php?rest_route=%2Fwp%2Fv2%2Ftags&post=3060"}],"curies":[{"name":"wp","href":"https:\/\/api.w.org\/{rel}","templated":true}]}}