{"id":3007,"date":"2021-05-12T19:20:39","date_gmt":"2021-05-12T19:20:39","guid":{"rendered":"https:\/\/kurtjakob.ch\/?p=3007"},"modified":"2021-06-23T12:18:30","modified_gmt":"2021-06-23T12:18:30","slug":"lukas-linder-im-unterricht","status":"publish","type":"post","link":"https:\/\/kurtjakob.ch\/?p=3007","title":{"rendered":"Lukas Linder im Unterricht"},"content":{"rendered":"<p><a href=\"https:\/\/kurtjakob.ch\/wp-content\/uploads\/2021\/05\/image-4.png\"><img loading=\"lazy\" decoding=\"async\" style=\"display: inline; background-image: none;\" title=\"image\" src=\"https:\/\/kurtjakob.ch\/wp-content\/uploads\/2021\/05\/image_thumb-4.png\" alt=\"image\" width=\"352\" height=\"300\" border=\"0\" \/><\/a><\/p>\n<p>Der zweite Autor heute im Unterricht war Lukas Linder. Zuvor hatte ich mit der Klasse bereits die ersten Seiten seines Buches <a href=\"https:\/\/kurtjakob.ch\/?p=3004\" target=\"_blank\" rel=\"noopener\"><em>Der Unvollendete<\/em><\/a> gelesen und viele haben dabei geschmunzelt oder auch laut gelacht, als wir Anatol \u00fcber seine etwas missgl\u00fcckte Nacht mit zwei Lehrerinnen gelesen haben. Dann also war es so weit. Lukas Linder las dann die Fortsetzung vom Morgen nach jener Nacht. Auch an ihn wurden interessante Fragen gestellt. Zwei Jahre habe er etwa an diesem Buch gearbeitet, sagte er uns.<\/p>\n<blockquote><p>Zwei Frauen! In deinem Bett! Besoffen! Und trotzdem gondelst du alleine durch diese Nacht. Das ist l\u00e4ngst nicht mehr nur H\u00f6flichkeit. Das ist Bl\u00f6dheit, Versagen auf der ganzen Linie! Aber was hatte er denn erwartet? War er es nicht langsam gewohnt? Wiederholten sich die selben Dinge nicht die ganze Zeit, nicht nur auf den XXL-Matratzen dieser Welt, sondern \u00fcberall, wo er den Fu\u00df hinsetzte?<\/p><\/blockquote>\n<p><a href=\"https:\/\/keinundaber.ch\/de\/literary-work\/der-unvollendete\/\" target=\"_blank\" rel=\"noopener\">Lukas Linder: Der Unvollendete<\/a><\/p>\n","protected":false},"excerpt":{"rendered":"<p>Der zweite Autor heute im Unterricht war Lukas Linder. Zuvor hatte ich mit der Klasse bereits die ersten Seiten seines Buches Der Unvollendete gelesen und viele haben dabei geschmunzelt oder auch laut gelacht, als wir Anatol \u00fcber seine etwas missgl\u00fcckte Nacht mit zwei Lehrerinnen gelesen haben. Dann also war es so weit. Lukas Linder las [&hellip;]<\/p>\n","protected":false},"author":4,"featured_media":0,"comment_status":"open","ping_status":"open","sticky":false,"template":"","format":"standard","meta":{"footnotes":""},"categories":[165,208,211],"tags":[56,6,40,8],"class_list":["post-3007","post","type-post","status-publish","format-standard","hentry","category-buchzeichen","category-literatur","category-solothurner-literaturtage","tag-kanti-solothurn","tag-literatur","tag-schule","tag-solothurner-literaturtage"],"_links":{"self":[{"href":"https:\/\/kurtjakob.ch\/index.php?rest_route=\/wp\/v2\/posts\/3007","targetHints":{"allow":["GET"]}}],"collection":[{"href":"https:\/\/kurtjakob.ch\/index.php?rest_route=\/wp\/v2\/posts"}],"about":[{"href":"https:\/\/kurtjakob.ch\/index.php?rest_route=\/wp\/v2\/types\/post"}],"author":[{"embeddable":true,"href":"https:\/\/kurtjakob.ch\/index.php?rest_route=\/wp\/v2\/users\/4"}],"replies":[{"embeddable":true,"href":"https:\/\/kurtjakob.ch\/index.php?rest_route=%2Fwp%2Fv2%2Fcomments&post=3007"}],"version-history":[{"count":3,"href":"https:\/\/kurtjakob.ch\/index.php?rest_route=\/wp\/v2\/posts\/3007\/revisions"}],"predecessor-version":[{"id":3865,"href":"https:\/\/kurtjakob.ch\/index.php?rest_route=\/wp\/v2\/posts\/3007\/revisions\/3865"}],"wp:attachment":[{"href":"https:\/\/kurtjakob.ch\/index.php?rest_route=%2Fwp%2Fv2%2Fmedia&parent=3007"}],"wp:term":[{"taxonomy":"category","embeddable":true,"href":"https:\/\/kurtjakob.ch\/index.php?rest_route=%2Fwp%2Fv2%2Fcategories&post=3007"},{"taxonomy":"post_tag","embeddable":true,"href":"https:\/\/kurtjakob.ch\/index.php?rest_route=%2Fwp%2Fv2%2Ftags&post=3007"}],"curies":[{"name":"wp","href":"https:\/\/api.w.org\/{rel}","templated":true}]}}