{"id":3004,"date":"2021-05-12T18:00:34","date_gmt":"2021-05-12T18:00:34","guid":{"rendered":"https:\/\/kurtjakob.ch\/?p=3004"},"modified":"2021-07-05T20:30:52","modified_gmt":"2021-07-05T20:30:52","slug":"lukas-linder-der-unvollendete","status":"publish","type":"post","link":"https:\/\/kurtjakob.ch\/?p=3004","title":{"rendered":"Lukas Linder &#8211; Der Unvollendete"},"content":{"rendered":"<p>Mit seinem unverkennbaren Gesp\u00fcr f\u00fcrs Tragisch-Komische erz\u00e4hlt Lukas Linder von einem Mann auf der Suche nach dem wahren Leben und der Liebe, was sich weder in der Heimat noch in der Fremde als einfach herausstellt.<\/p>\n","protected":false},"excerpt":{"rendered":"<p>Mit seinem unverkennbaren Gesp\u00fcr f\u00fcrs Tragisch-Komische erz\u00e4hlt Lukas Linder von einem Mann auf der Suche nach dem wahren Leben und der Liebe, was sich weder in der Heimat noch in der Fremde als einfach herausstellt.<\/p>\n","protected":false},"author":4,"featured_media":0,"comment_status":"open","ping_status":"open","sticky":false,"template":"","format":"standard","meta":{"footnotes":""},"categories":[340,165,211],"tags":[6],"class_list":["post-3004","post","type-post","status-publish","format-standard","hentry","category-buchvorstellung","category-buchzeichen","category-solothurner-literaturtage","tag-literatur"],"_links":{"self":[{"href":"https:\/\/kurtjakob.ch\/index.php?rest_route=\/wp\/v2\/posts\/3004","targetHints":{"allow":["GET"]}}],"collection":[{"href":"https:\/\/kurtjakob.ch\/index.php?rest_route=\/wp\/v2\/posts"}],"about":[{"href":"https:\/\/kurtjakob.ch\/index.php?rest_route=\/wp\/v2\/types\/post"}],"author":[{"embeddable":true,"href":"https:\/\/kurtjakob.ch\/index.php?rest_route=\/wp\/v2\/users\/4"}],"replies":[{"embeddable":true,"href":"https:\/\/kurtjakob.ch\/index.php?rest_route=%2Fwp%2Fv2%2Fcomments&post=3004"}],"version-history":[{"count":1,"href":"https:\/\/kurtjakob.ch\/index.php?rest_route=\/wp\/v2\/posts\/3004\/revisions"}],"predecessor-version":[{"id":3006,"href":"https:\/\/kurtjakob.ch\/index.php?rest_route=\/wp\/v2\/posts\/3004\/revisions\/3006"}],"wp:attachment":[{"href":"https:\/\/kurtjakob.ch\/index.php?rest_route=%2Fwp%2Fv2%2Fmedia&parent=3004"}],"wp:term":[{"taxonomy":"category","embeddable":true,"href":"https:\/\/kurtjakob.ch\/index.php?rest_route=%2Fwp%2Fv2%2Fcategories&post=3004"},{"taxonomy":"post_tag","embeddable":true,"href":"https:\/\/kurtjakob.ch\/index.php?rest_route=%2Fwp%2Fv2%2Ftags&post=3004"}],"curies":[{"name":"wp","href":"https:\/\/api.w.org\/{rel}","templated":true}]}}