{"id":300,"date":"2011-06-19T21:45:15","date_gmt":"2011-06-19T21:45:15","guid":{"rendered":"http:\/\/wp.kurtjakob.ch\/?p=300"},"modified":"2011-06-19T21:45:15","modified_gmt":"2011-06-19T21:45:15","slug":"offizielles-facebook-ipad-app","status":"publish","type":"post","link":"https:\/\/kurtjakob.ch\/?p=300","title":{"rendered":"Offizielles Facebook iPad App"},"content":{"rendered":"<p align=\"left\"><a href=\"http:\/\/ipadinsight.com\/ipad-rumors-myths\/lovely-ipad-rumor-of-the-day-official-facebook-ipad-app-finally-coming-in-next-few-weeks\/\" target=\"_blank\"><img loading=\"lazy\" decoding=\"async\" style=\"background-image: none; padding-left: 0px; padding-right: 0px; display: inline; padding-top: 0px; border: 0px;\" title=\"0clcipmt\" src=\"http:\/\/blog.kurtjakob.ch\/uploads\/Offizielles-iPad-Facebook-App_14A2A\/0clcipmt.jpg\" alt=\"0clcipmt\" width=\"178\" height=\"178\" border=\"0\" \/><\/a><\/p>\n<p align=\"left\">Wie man an einigen Orten lesen konnte, etwa in der <a href=\"http:\/\/bits.blogs.nytimes.com\/2011\/06\/16\/facebook-readies-an-ipad-app-finally\/\" target=\"_blank\">New York Times<\/a>, soll n\u00e4chste Woche das offizielle Facebook iPad App herauskommen. W\u00e4hrend Facebook mit dem iPhone App schon vom ersten Tag an aktiv war, vermisste man das entsprechende App f\u00fcr das iPad.<\/p>\n<p align=\"left\">Wie die meisten Nutzer habe ich auch eine andere L\u00f6sung gefunden, ich habe mir ganz einfach einen Facebook-Link im Safari auf das iPad gespeichert. Mit dieser Variante kann man allerdings keine Fotos hochladen. Daf\u00fcr habe ich bisher <a href=\"http:\/\/itunes.apple.com\/us\/app\/aim-for-ipad\/id364193698?mt=8\" target=\"_blank\">AIM<\/a> verwendet. Ehrlich gesagt, habe ich allerdings Fotos nur mit dem iPhone hochgeladen, und dort gibt es ja das offizielle Facebook iPhone App.<\/p>\n<p align=\"left\">via <a href=\"http:\/\/ipadinsight.com\/ipad-rumors-myths\/lovely-ipad-rumor-of-the-day-official-facebook-ipad-app-finally-coming-in-next-few-weeks\/\" target=\"_blank\">iPad Insight<\/a><\/p>\n<p><\/p>\n","protected":false},"excerpt":{"rendered":"<p>Wie man an einigen Orten lesen konnte, etwa in der New York Times, soll n\u00e4chste Woche das offizielle Facebook iPad App herauskommen. W\u00e4hrend Facebook mit dem iPhone App schon vom ersten Tag an aktiv war, vermisste man das entsprechende App f\u00fcr das iPad. Wie die meisten Nutzer habe ich auch eine andere L\u00f6sung gefunden, ich [&hellip;]<\/p>\n","protected":false},"author":4,"featured_media":0,"comment_status":"open","ping_status":"open","sticky":false,"template":"","format":"standard","meta":{"footnotes":""},"categories":[1],"tags":[109,93],"class_list":["post-300","post","type-post","status-publish","format-standard","hentry","category-uncategorized","tag-facebook","tag-soziale-netzwerke"],"_links":{"self":[{"href":"https:\/\/kurtjakob.ch\/index.php?rest_route=\/wp\/v2\/posts\/300","targetHints":{"allow":["GET"]}}],"collection":[{"href":"https:\/\/kurtjakob.ch\/index.php?rest_route=\/wp\/v2\/posts"}],"about":[{"href":"https:\/\/kurtjakob.ch\/index.php?rest_route=\/wp\/v2\/types\/post"}],"author":[{"embeddable":true,"href":"https:\/\/kurtjakob.ch\/index.php?rest_route=\/wp\/v2\/users\/4"}],"replies":[{"embeddable":true,"href":"https:\/\/kurtjakob.ch\/index.php?rest_route=%2Fwp%2Fv2%2Fcomments&post=300"}],"version-history":[{"count":0,"href":"https:\/\/kurtjakob.ch\/index.php?rest_route=\/wp\/v2\/posts\/300\/revisions"}],"wp:attachment":[{"href":"https:\/\/kurtjakob.ch\/index.php?rest_route=%2Fwp%2Fv2%2Fmedia&parent=300"}],"wp:term":[{"taxonomy":"category","embeddable":true,"href":"https:\/\/kurtjakob.ch\/index.php?rest_route=%2Fwp%2Fv2%2Fcategories&post=300"},{"taxonomy":"post_tag","embeddable":true,"href":"https:\/\/kurtjakob.ch\/index.php?rest_route=%2Fwp%2Fv2%2Ftags&post=300"}],"curies":[{"name":"wp","href":"https:\/\/api.w.org\/{rel}","templated":true}]}}