{"id":299,"date":"2011-06-08T20:54:24","date_gmt":"2011-06-08T20:54:24","guid":{"rendered":"http:\/\/wp.kurtjakob.ch\/?p=299"},"modified":"2011-06-08T20:54:24","modified_gmt":"2011-06-08T20:54:24","slug":"neues-zum-kindle","status":"publish","type":"post","link":"https:\/\/kurtjakob.ch\/?p=299","title":{"rendered":"Neues zum Kindle"},"content":{"rendered":"<p align=\"left\">\u00dcber einen <a href=\"http:\/\/twitter.com\/#!\/literaturcafe\/status\/78558718563848193\" target=\"_blank\">Tweet von literaturcafe<\/a> bin ich auf die folgende Meldung von <a href=\"http:\/\/www.golem.de\/1106\/84060.html\" target=\"_blank\">golem.de<\/a> gestossen:<\/p>\n<blockquote>\n<p align=\"left\">Kindle bald f\u00fcr 100 US-Dollar     <br \/>Der Preis f\u00fcr den Kindle f\u00e4llt weiter und der E-Book-Reader wird f\u00fcr Amazon immer wichtiger. Im n\u00e4chsten Jahr macht der Gesch\u00e4ftsbereich zehn Prozent des Umsatzes von Amazon aus.<\/p>\n<\/blockquote>\n<p align=\"left\">Gem\u00e4ss einer Prognose von <a href=\"http:\/\/www.crunchbase.com\/person\/mark-mahaney\" target=\"_blank\">Mark S. Mahaney<\/a>, Analyst bei der Citigroup Investment Research, werden in diesem Jahr 17.5 Millionen kindle-Ger\u00e4te verkauft, im n\u00e4chsten Jahr rechnet er mit 26 Millionen (<a href=\"http:\/\/allthingsd.com\/20110607\/kindles-getting-cheaper-and-huge-10-of-amazons-business-next-year\/\" target=\"_blank\">allthingsd.com<\/a>).<\/p>\n<p align=\"left\">Die folgende Grafik zeigt den Preisabfall der kindle-Ger\u00e4te:<\/p>\n<p align=\"left\"><a href=\"http:\/\/allthingsd.com\/20110607\/kindles-getting-cheaper-and-huge-10-of-amazons-business-next-year\/\"><img loading=\"lazy\" decoding=\"async\" style=\"background-image: none; border-bottom: 0px; border-left: 0px; padding-left: 0px; padding-right: 0px; display: inline; border-top: 0px; border-right: 0px; padding-top: 0px\" title=\"jdg2gkr3\" border=\"0\" alt=\"jdg2gkr3\" src=\"http:\/\/blog.kurtjakob.ch\/uploads\/Neues-zum-kindle_13E04\/jdg2gkr3.jpg\" width=\"400\" height=\"273\" \/><\/a><\/p>\n<p align=\"left\">Im <a href=\"http:\/\/www.amazon.de\/Kindle-Wireless-Reader-Wifi-Leseger%C3%A4t\/dp\/B003DZ1Y8Q\/ref=amb_link_160256587_2?pf_rd_m=A3JWKAKR8XB7XF&amp;pf_rd_s=center-1&amp;pf_rd_r=12GCT56WZYAD948CGFAR&amp;pf_rd_t=101&amp;pf_rd_p=243855487&amp;pf_rd_i=301128\">deutschen Shop von amazon<\/a> wird der kindle mit Wi-Fi f\u00fcr EUR 139.- angeboten, das Ger\u00e4t mit Wi-Fi und 3G f\u00fcr EUR 189.-, im <a href=\"http:\/\/www.amazon.com\/Kindle-Wireless-Reader-Wifi-Graphite\/dp\/B003DZ1Y8Q\/ref=amb_link_355368642_2?pf_rd_m=ATVPDKIKX0DER&amp;pf_rd_s=center-1&amp;pf_rd_r=1XK2P47G2PNGVAD13AGB&amp;pf_rd_t=101&amp;pf_rd_p=1294552182&amp;pf_rd_i=507846\">amerikanischen Shop<\/a> werden die entsprechenden Ger\u00e4te f\u00fcr $ 139.- bzw. $ 189.- verkauft, also wesentlich billiger.<\/p>\n<p><\/p>\n","protected":false},"excerpt":{"rendered":"<p>\u00dcber einen Tweet von literaturcafe bin ich auf die folgende Meldung von golem.de gestossen: Kindle bald f\u00fcr 100 US-Dollar Der Preis f\u00fcr den Kindle f\u00e4llt weiter und der E-Book-Reader wird f\u00fcr Amazon immer wichtiger. Im n\u00e4chsten Jahr macht der Gesch\u00e4ftsbereich zehn Prozent des Umsatzes von Amazon aus. Gem\u00e4ss einer Prognose von Mark S. Mahaney, Analyst [&hellip;]<\/p>\n","protected":false},"author":4,"featured_media":0,"comment_status":"open","ping_status":"open","sticky":false,"template":"","format":"standard","meta":{"footnotes":""},"categories":[1],"tags":[27,89],"class_list":["post-299","post","type-post","status-publish","format-standard","hentry","category-uncategorized","tag-ebook","tag-kindle"],"_links":{"self":[{"href":"https:\/\/kurtjakob.ch\/index.php?rest_route=\/wp\/v2\/posts\/299","targetHints":{"allow":["GET"]}}],"collection":[{"href":"https:\/\/kurtjakob.ch\/index.php?rest_route=\/wp\/v2\/posts"}],"about":[{"href":"https:\/\/kurtjakob.ch\/index.php?rest_route=\/wp\/v2\/types\/post"}],"author":[{"embeddable":true,"href":"https:\/\/kurtjakob.ch\/index.php?rest_route=\/wp\/v2\/users\/4"}],"replies":[{"embeddable":true,"href":"https:\/\/kurtjakob.ch\/index.php?rest_route=%2Fwp%2Fv2%2Fcomments&post=299"}],"version-history":[{"count":0,"href":"https:\/\/kurtjakob.ch\/index.php?rest_route=\/wp\/v2\/posts\/299\/revisions"}],"wp:attachment":[{"href":"https:\/\/kurtjakob.ch\/index.php?rest_route=%2Fwp%2Fv2%2Fmedia&parent=299"}],"wp:term":[{"taxonomy":"category","embeddable":true,"href":"https:\/\/kurtjakob.ch\/index.php?rest_route=%2Fwp%2Fv2%2Fcategories&post=299"},{"taxonomy":"post_tag","embeddable":true,"href":"https:\/\/kurtjakob.ch\/index.php?rest_route=%2Fwp%2Fv2%2Ftags&post=299"}],"curies":[{"name":"wp","href":"https:\/\/api.w.org\/{rel}","templated":true}]}}