{"id":297,"date":"2011-06-05T20:44:46","date_gmt":"2011-06-05T20:44:46","guid":{"rendered":"http:\/\/wp.kurtjakob.ch\/?p=297"},"modified":"2021-04-27T09:17:26","modified_gmt":"2021-04-27T09:17:26","slug":"arno-geiger-im-tagesgespra%c2%a4ch-bei-radio-drs","status":"publish","type":"post","link":"https:\/\/kurtjakob.ch\/?p=297","title":{"rendered":"Arno Geiger im Tagesgespr\u00e4ch bei Radio DRS"},"content":{"rendered":"<p align=\"left\"><img loading=\"lazy\" decoding=\"async\" style=\"background-image: none; padding-left: 0px; padding-right: 0px; display: inline; padding-top: 0px; border: 0px;\" title=\"1smmrpat\" src=\"http:\/\/blog.kurtjakob.ch\/uploads\/Arno-Geiger-zu-Gast_13E12\/1smmrpat.jpg\" alt=\"1smmrpat\" width=\"361\" height=\"80\" border=\"0\" \/><\/p>\n<p align=\"left\">Am Freitag, 3.6.2011, war Arno Geiger zu Gast im <a href=\"http:\/\/www.drs.ch\/www\/de\/drs\/sendungen\/top\/tagesgespraech\/2782.sh10181444.html\" target=\"_blank\" rel=\"noopener\">Tagesgespr\u00e4ch<\/a> bei Susanne Brunner im Radio DRS. Die Aufnahme wurde in Solothurn w\u00e4hrend der Literaturtage gemacht.<\/p>\n<p align=\"left\">Das Podcast kann hier <a href=\"http:\/\/pod.drs.ch\/mp3\/tagesgespraech\/tagesgespraech_201106031400_10181444.mp3\" target=\"_blank\" rel=\"noopener\">hier<\/a> heruntergeladen oder angeh\u00f6rt werden.<\/p>\n<p align=\"left\">Aus der Ank\u00fcndigung:<\/p>\n<blockquote>\n<p align=\"left\">Sein Buch &#8222;Der alte K\u00f6nig in seinem Exil&#8220; ist auch bei uns ein Verkaufsrenner: ein Buch \u00fcber seinen Vater, der an Demenz erkrankt ist. Alzheimer als Bestseller?<\/p>\n<\/blockquote>\n","protected":false},"excerpt":{"rendered":"<p>Am Freitag, 3.6.2011, war Arno Geiger zu Gast im Tagesgespr\u00e4ch bei Susanne Brunner im Radio DRS. Die Aufnahme wurde in Solothurn w\u00e4hrend der Literaturtage gemacht. Das Podcast kann hier hier heruntergeladen oder angeh\u00f6rt werden. Aus der Ank\u00fcndigung: Sein Buch &#8222;Der alte K\u00f6nig in seinem Exil&#8220; ist auch bei uns ein Verkaufsrenner: ein Buch \u00fcber seinen [&hellip;]<\/p>\n","protected":false},"author":4,"featured_media":0,"comment_status":"open","ping_status":"open","sticky":false,"template":"","format":"standard","meta":{"footnotes":""},"categories":[208,211],"tags":[83,8],"class_list":["post-297","post","type-post","status-publish","format-standard","hentry","category-literatur","category-solothurner-literaturtage","tag-podcast","tag-solothurner-literaturtage"],"_links":{"self":[{"href":"https:\/\/kurtjakob.ch\/index.php?rest_route=\/wp\/v2\/posts\/297","targetHints":{"allow":["GET"]}}],"collection":[{"href":"https:\/\/kurtjakob.ch\/index.php?rest_route=\/wp\/v2\/posts"}],"about":[{"href":"https:\/\/kurtjakob.ch\/index.php?rest_route=\/wp\/v2\/types\/post"}],"author":[{"embeddable":true,"href":"https:\/\/kurtjakob.ch\/index.php?rest_route=\/wp\/v2\/users\/4"}],"replies":[{"embeddable":true,"href":"https:\/\/kurtjakob.ch\/index.php?rest_route=%2Fwp%2Fv2%2Fcomments&post=297"}],"version-history":[{"count":1,"href":"https:\/\/kurtjakob.ch\/index.php?rest_route=\/wp\/v2\/posts\/297\/revisions"}],"predecessor-version":[{"id":2637,"href":"https:\/\/kurtjakob.ch\/index.php?rest_route=\/wp\/v2\/posts\/297\/revisions\/2637"}],"wp:attachment":[{"href":"https:\/\/kurtjakob.ch\/index.php?rest_route=%2Fwp%2Fv2%2Fmedia&parent=297"}],"wp:term":[{"taxonomy":"category","embeddable":true,"href":"https:\/\/kurtjakob.ch\/index.php?rest_route=%2Fwp%2Fv2%2Fcategories&post=297"},{"taxonomy":"post_tag","embeddable":true,"href":"https:\/\/kurtjakob.ch\/index.php?rest_route=%2Fwp%2Fv2%2Ftags&post=297"}],"curies":[{"name":"wp","href":"https:\/\/api.w.org\/{rel}","templated":true}]}}