{"id":296,"date":"2011-06-05T14:37:03","date_gmt":"2011-06-05T14:37:03","guid":{"rendered":"http:\/\/wp.kurtjakob.ch\/?p=296"},"modified":"2021-04-27T09:17:51","modified_gmt":"2021-04-27T09:17:51","slug":"solothurner-literaturtage-fakt-und-fiktion","status":"publish","type":"post","link":"https:\/\/kurtjakob.ch\/?p=296","title":{"rendered":"Solothurner Literaturtage &#8211; Fakt und Fiktion"},"content":{"rendered":"<p align=\"left\"><img loading=\"lazy\" decoding=\"async\" style=\"background-image: none; padding-left: 0px; padding-right: 0px; display: inline; padding-top: 0px; border: 0px;\" title=\"2whj2rvf\" src=\"http:\/\/blog.kurtjakob.ch\/uploads\/Solothurner-Literaturtage--Fakt-und-Fikt_E403\/2whj2rvf.jpg\" alt=\"2whj2rvf\" width=\"219\" height=\"270\" border=\"0\" \/><\/p>\n<p align=\"left\">Ich muss zugeben, ich bin reingefallen. Gestern las ich im <a href=\"http:\/\/www.literatur.ch\/blog\/?p=637\" target=\"_blank\" rel=\"noopener\">Blog der Literaturtage<\/a>:<\/p>\n<blockquote>\n<p align=\"left\">Als &#8222;Roter Faden&#8220;\u009d durch die diesj\u00e4hrige Solothurner Literaturtage zieht sich das Motto &#8222;Fakt &amp; Fiktion&#8220;\u009d. In einer Abschluss-Diskussion am Sonntag um 14 Uhr im Landhaussaal wird noch einmal auf das Thema eingegangen. (&#8230;)<br \/>\nNoch radikaler stellt sich die Frage nach Dichtung und Wahrheit in diesem Literaturblog: Wer ist Beat Arnold? Handelt es sich um eine reale Person oder um ein Pseudonym? Wenn letzteres, von wem? (&#8230;)<br \/>\nJedenfalls haben wir es hier mit einem interessanten Ph\u00e4nomen zu tun, wird doch die Frage nach Wahrheit und Dichtung gleichsam verkehrt: Ausgangspunkt ist nicht mehr die Literatur und die Frage nach ihrer Verankerung in der Realit\u00e4t. Sondern umgekehrt wird versucht, mittels Fiktion Einfluss auf die Realit\u00e4t zu nehmen, sie wie ein Stoff zu modellieren und zu formen. (&#8230;)<br \/>\nDieser Ansatz d\u00fcnkt uns so spannend, dass wir ihn am Sonntag an der abschliessenden Podiumsgespr\u00e4ch im Landhaussaal ebenfalls diskutieren m\u00f6chten. Deshalb haben wir neben J\u00fcrg Amann, Corina Caduff, Wilfried Meichtry und Eva Menasse neu auch &#8222;Beat Arnold&#8220;\u009d \/ Urs Engeler eingeladen sowie Urs Richle, Fachmann f\u00fcr interaktive und intermediale Fiktion.<\/p>\n<\/blockquote>\n<p align=\"left\">Da habe ich also darauf gewartet, dass das Geheimnis um Beat Arnold gel\u00fcftet wird, ich war gespannt auf Urs Engeler und <a href=\"http:\/\/www.literatur.ch\/Programm.241.0.html?&amp;no_cache=1&amp;tx_skcalendar_pi1[offset]=1307052000&amp;tx_skcalendar_pi1[targetgroups]=&amp;tx_skcalendar_pi1[categories]=&amp;tx_skcalendar_pi1[locations]=&amp;tx_skcalendar_pi1[organizers]=&amp;tx_skcalendar_pi1[sword]=&amp;tx_skcalendar_pi1[view]=detail&amp;no_cache=1&amp;tx_skcalendar_pi1[uid]=733\" target=\"_blank\" rel=\"noopener\">Urs Richle<\/a>, den Fachmann f\u00fcr interaktive und intermediale Fiktion.<\/p>\n<p align=\"left\">Keine dieser Personen war anwesend, kein Wort davon, um 14:00 fand ein v\u00f6llig normales Schlusskolloquium statt. Die Autoren stellten ihr Werk und sich selbst im Spannungsfeld zwischen Fakt und Fiktion vor. Wenn man die Lesungen bereits besucht hatte, dann wiederholten sich die Aussagen zu diesem Thema nun. Luzia Stettler f\u00fchrte souver\u00e4n durch das Thema, auch wenn dies nicht immer ganz einfach war.<\/p>\n<p align=\"left\">Es bleibt die Frage, wer <a href=\"http:\/\/www.literatur.ch\/blog\/?p=616\" target=\"_blank\" rel=\"noopener\">Beat Arnold<\/a> ist.<\/p>\n<p>&nbsp;<\/p>\n","protected":false},"excerpt":{"rendered":"<p>Ich muss zugeben, ich bin reingefallen. Gestern las ich im Blog der Literaturtage: Als &#8222;Roter Faden&#8220;\u009d durch die diesj\u00e4hrige Solothurner Literaturtage zieht sich das Motto &#8222;Fakt &amp; Fiktion&#8220;\u009d. In einer Abschluss-Diskussion am Sonntag um 14 Uhr im Landhaussaal wird noch einmal auf das Thema eingegangen. (&#8230;) Noch radikaler stellt sich die Frage nach Dichtung und [&hellip;]<\/p>\n","protected":false},"author":4,"featured_media":0,"comment_status":"open","ping_status":"open","sticky":false,"template":"","format":"standard","meta":{"footnotes":""},"categories":[211],"tags":[43,8],"class_list":["post-296","post","type-post","status-publish","format-standard","hentry","category-solothurner-literaturtage","tag-postmoderne","tag-solothurner-literaturtage"],"_links":{"self":[{"href":"https:\/\/kurtjakob.ch\/index.php?rest_route=\/wp\/v2\/posts\/296","targetHints":{"allow":["GET"]}}],"collection":[{"href":"https:\/\/kurtjakob.ch\/index.php?rest_route=\/wp\/v2\/posts"}],"about":[{"href":"https:\/\/kurtjakob.ch\/index.php?rest_route=\/wp\/v2\/types\/post"}],"author":[{"embeddable":true,"href":"https:\/\/kurtjakob.ch\/index.php?rest_route=\/wp\/v2\/users\/4"}],"replies":[{"embeddable":true,"href":"https:\/\/kurtjakob.ch\/index.php?rest_route=%2Fwp%2Fv2%2Fcomments&post=296"}],"version-history":[{"count":2,"href":"https:\/\/kurtjakob.ch\/index.php?rest_route=\/wp\/v2\/posts\/296\/revisions"}],"predecessor-version":[{"id":2639,"href":"https:\/\/kurtjakob.ch\/index.php?rest_route=\/wp\/v2\/posts\/296\/revisions\/2639"}],"wp:attachment":[{"href":"https:\/\/kurtjakob.ch\/index.php?rest_route=%2Fwp%2Fv2%2Fmedia&parent=296"}],"wp:term":[{"taxonomy":"category","embeddable":true,"href":"https:\/\/kurtjakob.ch\/index.php?rest_route=%2Fwp%2Fv2%2Fcategories&post=296"},{"taxonomy":"post_tag","embeddable":true,"href":"https:\/\/kurtjakob.ch\/index.php?rest_route=%2Fwp%2Fv2%2Ftags&post=296"}],"curies":[{"name":"wp","href":"https:\/\/api.w.org\/{rel}","templated":true}]}}