{"id":295,"date":"2011-06-02T20:18:26","date_gmt":"2011-06-02T20:18:26","guid":{"rendered":"http:\/\/wp.kurtjakob.ch\/?p=295"},"modified":"2021-04-27T09:19:40","modified_gmt":"2021-04-27T09:19:40","slug":"zur-falschen-zeit","status":"publish","type":"post","link":"https:\/\/kurtjakob.ch\/?p=295","title":{"rendered":"Zur falschen Zeit"},"content":{"rendered":"<p align=\"left\">Morgen beginnen die Lesungen an den <a href=\"http:\/\/www.literatur.ch\/Literaturtage.205.0.html?&amp;no_cache=1\" target=\"_blank\" rel=\"noopener\">Solothurner Literaturtagen<\/a>. Also habe ich mir nochmals das <a href=\"http:\/\/www.literatur.ch\/mobile\/?day=fr&amp;lang=de\" target=\"_blank\" rel=\"noopener\">Programm<\/a> genauer angeschaut. Ich werde zuerst an der Lesung von <a href=\"http:\/\/www.literatur.ch\/mobile\/?event=729&amp;lang=de&amp;day=fr\" target=\"_blank\" rel=\"noopener\">Alain Claude Sulzer<\/a> teilnehmen. Die Ank\u00fcndigung hat mein Interesse f\u00fcr seinen Roman &#8222;Zur falschen Zeit&#8220;\u009d geweckt.<\/p>\n<p align=\"left\">Erste interessante Feststellung: von der offiziellen Seite der Solothurner Literaturtage f\u00fchrt kein Link auf eine Seite des Autors oder das entsprechende Buch. Also beginne ich eine entsprechende Suche.<\/p>\n<p align=\"left\">Auf der Startseite von <a href=\"http:\/\/www.buchhaus.ch\" target=\"_blank\" rel=\"noopener\">buchhaus.ch<\/a> findet man dann allerdings den entsprechenden <a href=\"http:\/\/www.literatur.ch\/Neue-Buecher.158.0.html\" target=\"_blank\" rel=\"noopener\">Link<\/a>. Schliesslich komme ich zu einem <a href=\"http:\/\/www.buchhaus.ch\/csp\/shop\/lus\/vollanzeige.csp?ID=10931836\" target=\"_blank\" rel=\"noopener\">Link<\/a>, \u00fcber den ich das Buch kaufen kann.<\/p>\n<p align=\"left\"><img loading=\"lazy\" decoding=\"async\" style=\"background-image: none; padding-left: 0px; padding-right: 0px; display: inline; padding-top: 0px; border: 0px;\" title=\"2g1mfopq\" src=\"http:\/\/blog.kurtjakob.ch\/uploads\/c9e8c2d09c36_130A9\/2g1mfopq.jpg\" alt=\"2g1mfopq\" width=\"442\" height=\"199\" border=\"0\" \/><\/p>\n<p align=\"left\">Innerhalb von zwei Werktagen ist das Buch versandbereit, ich kann es dann f\u00fcr CHF 26.- in der Filiale beziehen. Nat\u00fcrlich kann ich das Buch auch morgen vor Ort f\u00fcr CHF 28.90 beziehen.<\/p>\n<p align=\"left\">Zweite interessante Feststellung: kein Hinweis auf ein m\u00f6gliches ebook. Auf der Webseite hat es zwar einen Link &#8222;ebooks&#8220;\u009d, aber eine entsprechende Suche ergibt kein Resultat f\u00fcr Claude Alain Sulzer. Also kein ebook erh\u00e4ltlich?<\/p>\n<p align=\"left\">Bei der <a href=\"http:\/\/www.buch.ch\/shop\/bch_ebo_startseite\/mehr-von-suche\/EBOOK\/sa\/alain_c_sulzer.html\" target=\"_blank\" rel=\"noopener\">Konkurrenz<\/a> werde ich allerdings f\u00fcndig. Es gibt das Buch als ebook.<\/p>\n<p align=\"left\"><img loading=\"lazy\" decoding=\"async\" style=\"background-image: none; padding-left: 0px; padding-right: 0px; display: inline; padding-top: 0px; border: 0px;\" title=\"p1yewltn\" src=\"http:\/\/blog.kurtjakob.ch\/uploads\/c9e8c2d09c36_130A9\/p1yewltn.jpg\" alt=\"p1yewltn\" width=\"450\" height=\"190\" border=\"0\" \/><\/p>\n<p align=\"left\">F\u00fcr CHF 25.70 kann ich das Buch kaufen und direkt herunterladen. Ich spare also sage und schreibe 30 Rappen, wenn ich dieses Buch digital kaufe, nat\u00fcrlich verschl\u00fcsselt und nur auf meinem Ger\u00e4t lesbar. Klar, auf dem iPad nat\u00fcrlich nicht, w\u00e4re ja zu sch\u00f6n.<\/p>\n<p align=\"left\"><img loading=\"lazy\" decoding=\"async\" style=\"background-image: none; padding-left: 0px; padding-right: 0px; display: inline; padding-top: 0px; border: 0px;\" title=\"z4a1iaaf\" src=\"http:\/\/blog.kurtjakob.ch\/uploads\/c9e8c2d09c36_130A9\/z4a1iaaf.jpg\" alt=\"z4a1iaaf\" width=\"450\" height=\"65\" border=\"0\" \/><\/p>\n<p align=\"left\">So wird das nat\u00fcrlich nichts mit den ebooks. Man findet sie nur m\u00fchsam, dann sind sie gesch\u00fctzt und schliesslich nicht billiger als die gedruckte Ausgabe. Aber es wird noch besser.<\/p>\n<p align=\"left\">Zum Schluss versuche ich es noch bei <a href=\"http:\/\/www.amazon.de\/Zur-falschen-Zeit-Roman-ebook\/dp\/B004WOXZ8E\/ref=sr_1_2?ie=UTF8&amp;qid=1307044969&amp;sr=8-2\" target=\"_blank\" rel=\"noopener\">amazon.de<\/a>: siehe da, es gibt eine kindle-Version f\u00fcr EUR 16.99, dies entspricht nach heutigem Wechselkurs CHF 20.74.<\/p>\n<p align=\"left\"><img loading=\"lazy\" decoding=\"async\" style=\"background-image: none; padding-left: 0px; padding-right: 0px; display: inline; padding-top: 0px; border: 0px;\" title=\"0w2ygci3\" src=\"http:\/\/blog.kurtjakob.ch\/uploads\/c9e8c2d09c36_130A9\/0w2ygci3.jpg\" alt=\"0w2ygci3\" width=\"197\" height=\"311\" border=\"0\" \/><\/p>\n<p align=\"left\">Wo ich nun wohl bestellen werde, wenn ich das Buch heute Abend auf dem iPad noch lesen m\u00f6chte? Ich bestelle mit one-click bei Amazon, starte das kindle-app auf dem iPad -und siehe da, das ebook ist da. Es geht also doch, aber leider nicht \u00fcber die herk\u00f6mmlichen Buchhandlungen, schade.<\/p>\n<p>&nbsp;<\/p>\n","protected":false},"excerpt":{"rendered":"<p>Morgen beginnen die Lesungen an den Solothurner Literaturtagen. Also habe ich mir nochmals das Programm genauer angeschaut. Ich werde zuerst an der Lesung von Alain Claude Sulzer teilnehmen. Die Ank\u00fcndigung hat mein Interesse f\u00fcr seinen Roman &#8222;Zur falschen Zeit&#8220;\u009d geweckt. Erste interessante Feststellung: von der offiziellen Seite der Solothurner Literaturtage f\u00fchrt kein Link auf eine [&hellip;]<\/p>\n","protected":false},"author":3,"featured_media":0,"comment_status":"open","ping_status":"open","sticky":false,"template":"","format":"standard","meta":{"footnotes":""},"categories":[191,211],"tags":[27,89,8],"class_list":["post-295","post","type-post","status-publish","format-standard","hentry","category-ebooks","category-solothurner-literaturtage","tag-ebook","tag-kindle","tag-solothurner-literaturtage"],"_links":{"self":[{"href":"https:\/\/kurtjakob.ch\/index.php?rest_route=\/wp\/v2\/posts\/295","targetHints":{"allow":["GET"]}}],"collection":[{"href":"https:\/\/kurtjakob.ch\/index.php?rest_route=\/wp\/v2\/posts"}],"about":[{"href":"https:\/\/kurtjakob.ch\/index.php?rest_route=\/wp\/v2\/types\/post"}],"author":[{"embeddable":true,"href":"https:\/\/kurtjakob.ch\/index.php?rest_route=\/wp\/v2\/users\/3"}],"replies":[{"embeddable":true,"href":"https:\/\/kurtjakob.ch\/index.php?rest_route=%2Fwp%2Fv2%2Fcomments&post=295"}],"version-history":[{"count":2,"href":"https:\/\/kurtjakob.ch\/index.php?rest_route=\/wp\/v2\/posts\/295\/revisions"}],"predecessor-version":[{"id":2640,"href":"https:\/\/kurtjakob.ch\/index.php?rest_route=\/wp\/v2\/posts\/295\/revisions\/2640"}],"wp:attachment":[{"href":"https:\/\/kurtjakob.ch\/index.php?rest_route=%2Fwp%2Fv2%2Fmedia&parent=295"}],"wp:term":[{"taxonomy":"category","embeddable":true,"href":"https:\/\/kurtjakob.ch\/index.php?rest_route=%2Fwp%2Fv2%2Fcategories&post=295"},{"taxonomy":"post_tag","embeddable":true,"href":"https:\/\/kurtjakob.ch\/index.php?rest_route=%2Fwp%2Fv2%2Ftags&post=295"}],"curies":[{"name":"wp","href":"https:\/\/api.w.org\/{rel}","templated":true}]}}