{"id":2916,"date":"2021-05-11T19:00:19","date_gmt":"2021-05-11T19:00:19","guid":{"rendered":"https:\/\/kurtjakob.ch\/?p=2916"},"modified":"2021-05-11T19:29:50","modified_gmt":"2021-05-11T19:29:50","slug":"zitat-des-tages-11-5-21","status":"publish","type":"post","link":"https:\/\/kurtjakob.ch\/?p=2916","title":{"rendered":"Zitat des Tages &#8211; 11.5.21"},"content":{"rendered":"<p>Da die Prognosen der Taskforce des Schweizer Bundesrates zur dritten Welle der Corona-Pandemie nicht zutrafen, wollen einige diese Taskforce nun abschaffen. Dazu Nina Fargahi in der Aargauer Zeitung<\/p>\n<blockquote><p>Deswegen die Taskforce abzuschaffen, w\u00e4re ein Fehlschluss. Prognosen basieren auf Annahmen und Wahrscheinlichkeiten. Das ist Wissenschaft, und diese bleibt so wichtig, wie sie in der Pandemie immer war. Solange das Virus nicht besiegt ist, braucht es eine unabh\u00e4ngige Wissenschafts-Taskforce. Ebenso unabh\u00e4ngig entscheiden dann die politischen Beh\u00f6rden \u00fcber die Massnahmen.<\/p><\/blockquote>\n<p>Quelle: <em><a href=\"https:\/\/www.aargauerzeitung.ch\/schweiz\/svp-forderung-taskforce-abschaffen-ein-fehlschluss-ld.2135063\">SVP-Forderung &#8211; Taskforce abschaffen? Ein Fehlschluss! &#8211; Aargauer Zeitung<\/a><\/em><\/p>\n","protected":false},"excerpt":{"rendered":"<p>Da die Prognosen der Taskforce des Schweizer Bundesrates zur dritten Welle der Corona-Pandemie nicht zutrafen, wollen einige diese Taskforce nun abschaffen. Dazu Nina Fargahi in der Aargauer Zeitung Deswegen die Taskforce abzuschaffen, w\u00e4re ein Fehlschluss. Prognosen basieren auf Annahmen und Wahrscheinlichkeiten. Das ist Wissenschaft, und diese bleibt so wichtig, wie sie in der Pandemie immer [&hellip;]<\/p>\n","protected":false},"author":4,"featured_media":0,"comment_status":"open","ping_status":"open","sticky":false,"template":"","format":"standard","meta":{"footnotes":""},"categories":[197],"tags":[206,253,177],"class_list":["post-2916","post","type-post","status-publish","format-standard","hentry","category-e-auto","tag-corona","tag-wissenschaft","tag-zitat"],"_links":{"self":[{"href":"https:\/\/kurtjakob.ch\/index.php?rest_route=\/wp\/v2\/posts\/2916","targetHints":{"allow":["GET"]}}],"collection":[{"href":"https:\/\/kurtjakob.ch\/index.php?rest_route=\/wp\/v2\/posts"}],"about":[{"href":"https:\/\/kurtjakob.ch\/index.php?rest_route=\/wp\/v2\/types\/post"}],"author":[{"embeddable":true,"href":"https:\/\/kurtjakob.ch\/index.php?rest_route=\/wp\/v2\/users\/4"}],"replies":[{"embeddable":true,"href":"https:\/\/kurtjakob.ch\/index.php?rest_route=%2Fwp%2Fv2%2Fcomments&post=2916"}],"version-history":[{"count":3,"href":"https:\/\/kurtjakob.ch\/index.php?rest_route=\/wp\/v2\/posts\/2916\/revisions"}],"predecessor-version":[{"id":2979,"href":"https:\/\/kurtjakob.ch\/index.php?rest_route=\/wp\/v2\/posts\/2916\/revisions\/2979"}],"wp:attachment":[{"href":"https:\/\/kurtjakob.ch\/index.php?rest_route=%2Fwp%2Fv2%2Fmedia&parent=2916"}],"wp:term":[{"taxonomy":"category","embeddable":true,"href":"https:\/\/kurtjakob.ch\/index.php?rest_route=%2Fwp%2Fv2%2Fcategories&post=2916"},{"taxonomy":"post_tag","embeddable":true,"href":"https:\/\/kurtjakob.ch\/index.php?rest_route=%2Fwp%2Fv2%2Ftags&post=2916"}],"curies":[{"name":"wp","href":"https:\/\/api.w.org\/{rel}","templated":true}]}}