{"id":2909,"date":"2021-05-10T19:41:54","date_gmt":"2021-05-10T19:41:54","guid":{"rendered":"https:\/\/kurtjakob.ch\/?p=2909"},"modified":"2021-05-11T11:37:30","modified_gmt":"2021-05-11T11:37:30","slug":"corona-beschert-sorgen-wegen-lernluecken","status":"publish","type":"post","link":"https:\/\/kurtjakob.ch\/?p=2909","title":{"rendered":"Corona beschert Sorgen wegen Lernl\u00fccken"},"content":{"rendered":"<p>News4Teacher.de meldet unter dem Titel <em>Sorgen wegen Lernl\u00fccken: Corona beschert Internaten einen Nachfrage-Boom<\/em>:<\/p>\n<blockquote><p>Seit die \u00f6ffentlichen Schulen f\u00fcr den Pr\u00e4senzbetrieb geschlossen sind, steigt die Nachfrage nach Internatspl\u00e4tzen. Auch nach der Pandemie k\u00f6nnte sich der Trend fortsetzen.<\/p><\/blockquote>\n<p>Quelle: <em><a href=\"https:\/\/www.news4teachers.de\/2021\/05\/corona-sorgt-fuer-mehr-nachfrage-bei-internaten\/\">Sorgen wegen Lernl\u00fccken: Corona beschert Internaten einen Nachfrage-Boom | News4teachers<\/a><\/em><\/p>\n","protected":false},"excerpt":{"rendered":"<p>News4Teacher.de meldet unter dem Titel Sorgen wegen Lernl\u00fccken: Corona beschert Internaten einen Nachfrage-Boom: Seit die \u00f6ffentlichen Schulen f\u00fcr den Pr\u00e4senzbetrieb geschlossen sind, steigt die Nachfrage nach Internatspl\u00e4tzen. Auch nach der Pandemie k\u00f6nnte sich der Trend fortsetzen. Quelle: Sorgen wegen Lernl\u00fccken: Corona beschert Internaten einen Nachfrage-Boom | News4teachers<\/p>\n","protected":false},"author":4,"featured_media":0,"comment_status":"closed","ping_status":"closed","sticky":false,"template":"","format":"standard","meta":{"footnotes":""},"categories":[225],"tags":[206,123],"class_list":["post-2909","post","type-post","status-publish","format-standard","hentry","category-lernen","tag-corona","tag-lernen"],"_links":{"self":[{"href":"https:\/\/kurtjakob.ch\/index.php?rest_route=\/wp\/v2\/posts\/2909","targetHints":{"allow":["GET"]}}],"collection":[{"href":"https:\/\/kurtjakob.ch\/index.php?rest_route=\/wp\/v2\/posts"}],"about":[{"href":"https:\/\/kurtjakob.ch\/index.php?rest_route=\/wp\/v2\/types\/post"}],"author":[{"embeddable":true,"href":"https:\/\/kurtjakob.ch\/index.php?rest_route=\/wp\/v2\/users\/4"}],"replies":[{"embeddable":true,"href":"https:\/\/kurtjakob.ch\/index.php?rest_route=%2Fwp%2Fv2%2Fcomments&post=2909"}],"version-history":[{"count":5,"href":"https:\/\/kurtjakob.ch\/index.php?rest_route=\/wp\/v2\/posts\/2909\/revisions"}],"predecessor-version":[{"id":2974,"href":"https:\/\/kurtjakob.ch\/index.php?rest_route=\/wp\/v2\/posts\/2909\/revisions\/2974"}],"wp:attachment":[{"href":"https:\/\/kurtjakob.ch\/index.php?rest_route=%2Fwp%2Fv2%2Fmedia&parent=2909"}],"wp:term":[{"taxonomy":"category","embeddable":true,"href":"https:\/\/kurtjakob.ch\/index.php?rest_route=%2Fwp%2Fv2%2Fcategories&post=2909"},{"taxonomy":"post_tag","embeddable":true,"href":"https:\/\/kurtjakob.ch\/index.php?rest_route=%2Fwp%2Fv2%2Ftags&post=2909"}],"curies":[{"name":"wp","href":"https:\/\/api.w.org\/{rel}","templated":true}]}}