{"id":290,"date":"2011-05-24T15:58:54","date_gmt":"2011-05-24T15:58:54","guid":{"rendered":"http:\/\/wp.kurtjakob.ch\/?p=290"},"modified":"2011-05-24T15:58:54","modified_gmt":"2011-05-24T15:58:54","slug":"internetzensur-oder-digitale-ba%c2%bcrgerrechte","status":"publish","type":"post","link":"https:\/\/kurtjakob.ch\/?p=290","title":{"rendered":"Internetzensur oder digitale B\u00fcrgerrechte?"},"content":{"rendered":"<p align=\"left\">Unter der \u00dcberschrift &#8222;Franz\u00f6sischer Pr\u00e4sident will Grundregeln f\u00fcrs Internet&#8220; meldet <a href=\"http:\/\/www.heise.de\/newsticker\/meldung\/Franzoesischer-Praesident-will-Grundregeln-fuers-Internet-1248410.html\" target=\"_blank\">heise online<\/a>:<\/p>\n<blockquote>\n<p align=\"left\">In Paris hat am Dienstag das eG8-Forum begonnen, das zur Vorbereitung des Gipfels der Gruppe der acht gro\u00dfen Industriestaaten (G8) Ende Mai im franz\u00f6sischen Deauville dienen soll. Der franz\u00f6sische Staatspr\u00e4sident Nicolas Sarkozy hat dazu f\u00fcr Dienstag und Mittwoch Vertreter der Internet- und Medienbranche geladen, darunter Facebook-Gr\u00fcnder Mark Zuckerberg und der langj\u00e4hrige Google-Chef Eric Schmidt. Insgesamt haben sich 1000 Teilnehmer angesagt.<\/p>\n<\/blockquote>\n<p align=\"left\">Zuerst glaubte ich, dass Sarkozy moralische Regeln anvisiert. Schnell wird einem aber klar, dass diese Minimalstandards und Reglementierungen, von denen er spricht, nichts anderes bedeuten als das Recht auf geistiges Eigentum. Zwar sollen bekannte Vertreter der Medienbranche (Mark Zuckerberg, Eric Schmidt und Rupert Murdoch werden erwartet) einfach mal zusammen diskutieren. Aber offensichtlich ist die Stossrichtung klar.<\/p>\n<p align=\"left\"><a href=\"http:\/\/www.netzpolitik.org\/2011\/die-ergebnisse-des-g8-gipfels-zum-internet\/\" target=\"_blank\">NETZPOLITIK.ORG<\/a> zitiert etwa Jean-Michel Hubert, den Internetbeauftragten des Pr\u00e4sidenten Sarkozy, folgendermassen:<\/p>\n<blockquote>\n<p align=\"left\">Wir brauchen eine Balance zwischen dem Schutz der privaten und wirtschaftlichen Rechte der Nutzer und einer Flexibilit\u00e4t, damit sich das Internet uneingeschr\u00e4nkt weiterentwickeln kann. &#8230;<br \/>\nWir d\u00fcrfen Verst\u00f6\u00dfe gegen Urheberrechte, gegen den Schutz des geistigen Eigentums oder gegen den Patentschutz nicht bagatellisieren.<\/p>\n<\/blockquote>\n<p align=\"left\">Ist die Angst berechtigt, dass es letztlich um Kontrolle und Zensur des Internets geht, wie <a href=\"http:\/\/taz.de\/1\/netz\/netzpolitik\/artikel\/1\/der-widerstand-der-wenigen\/\" target=\"_blank\">taz.de<\/a> meint?<\/p>\n<p><\/p>\n","protected":false},"excerpt":{"rendered":"<p>Unter der \u00dcberschrift &#8222;Franz\u00f6sischer Pr\u00e4sident will Grundregeln f\u00fcrs Internet&#8220; meldet heise online: In Paris hat am Dienstag das eG8-Forum begonnen, das zur Vorbereitung des Gipfels der Gruppe der acht gro\u00dfen Industriestaaten (G8) Ende Mai im franz\u00f6sischen Deauville dienen soll. Der franz\u00f6sische Staatspr\u00e4sident Nicolas Sarkozy hat dazu f\u00fcr Dienstag und Mittwoch Vertreter der Internet- und Medienbranche [&hellip;]<\/p>\n","protected":false},"author":4,"featured_media":0,"comment_status":"open","ping_status":"open","sticky":false,"template":"","format":"standard","meta":{"footnotes":""},"categories":[1],"tags":[30,107],"class_list":["post-290","post","type-post","status-publish","format-standard","hentry","category-uncategorized","tag-internet","tag-internetzensur"],"_links":{"self":[{"href":"https:\/\/kurtjakob.ch\/index.php?rest_route=\/wp\/v2\/posts\/290","targetHints":{"allow":["GET"]}}],"collection":[{"href":"https:\/\/kurtjakob.ch\/index.php?rest_route=\/wp\/v2\/posts"}],"about":[{"href":"https:\/\/kurtjakob.ch\/index.php?rest_route=\/wp\/v2\/types\/post"}],"author":[{"embeddable":true,"href":"https:\/\/kurtjakob.ch\/index.php?rest_route=\/wp\/v2\/users\/4"}],"replies":[{"embeddable":true,"href":"https:\/\/kurtjakob.ch\/index.php?rest_route=%2Fwp%2Fv2%2Fcomments&post=290"}],"version-history":[{"count":0,"href":"https:\/\/kurtjakob.ch\/index.php?rest_route=\/wp\/v2\/posts\/290\/revisions"}],"wp:attachment":[{"href":"https:\/\/kurtjakob.ch\/index.php?rest_route=%2Fwp%2Fv2%2Fmedia&parent=290"}],"wp:term":[{"taxonomy":"category","embeddable":true,"href":"https:\/\/kurtjakob.ch\/index.php?rest_route=%2Fwp%2Fv2%2Fcategories&post=290"},{"taxonomy":"post_tag","embeddable":true,"href":"https:\/\/kurtjakob.ch\/index.php?rest_route=%2Fwp%2Fv2%2Ftags&post=290"}],"curies":[{"name":"wp","href":"https:\/\/api.w.org\/{rel}","templated":true}]}}