{"id":2897,"date":"2021-05-10T18:06:41","date_gmt":"2021-05-10T18:06:41","guid":{"rendered":"https:\/\/kurtjakob.ch\/?p=2897"},"modified":"2021-05-10T18:06:41","modified_gmt":"2021-05-10T18:06:41","slug":"stefan-zumbrunn-neuer-praesident-der-ksgr","status":"publish","type":"post","link":"https:\/\/kurtjakob.ch\/?p=2897","title":{"rendered":"Stefan Zumbrunn neuer Pr\u00e4sident der KSGR"},"content":{"rendered":"<p><img decoding=\"async\" src=\"https:\/\/kurtjakob.ch\/wp-content\/uploads\/2021\/05\/csm_teaser_Bild_Stefan_bdc7b952c0-1.jpg\" \/><\/p>\n<p>Ganz herzliche Gratulation:<\/p>\n<blockquote><p>Stefan Zumbrunn-W\u00fcrsch wird Pr\u00e4sident der Konferenz Schweizerischer Gymnasialrektorinnen und Gymnasialrektoren (KSGR).<br \/>\nDie Angeh\u00f6rigen der Kanti Solothurn gratulieren herzlich zur Wahl und w\u00fcnschen ihm bei der neuen Herausforderung viel Freude und Erfolg!<\/p>\n<p>Die KSGR vertritt die Interessen der Gymnasien auf Bundes- und interkantonaler Ebene und unterst\u00fctzt ihre Mitglieder in den Kantonen. Sie will den gymnasialen Unterricht in der Schweiz sowie den Gedankenaustausch und die Information ihrer Mitglieder in Fragen der gymnasialen Bildung, der Unterrichts- und Schulentwicklung und der Schulf\u00fchrung f\u00f6rdern.<\/p>\n<p>Quelle: <em><a href=\"https:\/\/ksso.so.ch\/aktuell\/aktuell\/news\/stefan-zumbrunn-wuersch-wird-praesident-der-konferenz-schweizerischer-gymnasialrektorinnen-und-gymnasi\/?tx_news_pi1%5Bcontroller%5D=News&amp;tx_news_pi1%5Baction%5D=detail&amp;cHash=4f6cd0c2740c667551437d50966c3fca\" target=\"_blank\" rel=\"noopener\">Homepage der Kantonsschule Solothurn<\/a><\/em><\/p><\/blockquote>\n<p>Stefan Zumbrunn-W\u00fcrsch ist der Rektor der Kantonsschule Solothurn, an der ich auch unterrichte. Auch ich w\u00fcnsche ihm viel Erfolg bei dieser neuen Herausforderung.<\/p>\n<p>&nbsp;<\/p>\n","protected":false},"excerpt":{"rendered":"<p>Ganz herzliche Gratulation: Stefan Zumbrunn-W\u00fcrsch wird Pr\u00e4sident der Konferenz Schweizerischer Gymnasialrektorinnen und Gymnasialrektoren (KSGR). Die Angeh\u00f6rigen der Kanti Solothurn gratulieren herzlich zur Wahl und w\u00fcnschen ihm bei der neuen Herausforderung viel Freude und Erfolg! Die KSGR vertritt die Interessen der Gymnasien auf Bundes- und interkantonaler Ebene und unterst\u00fctzt ihre Mitglieder in den Kantonen. Sie will [&hellip;]<\/p>\n","protected":false},"author":4,"featured_media":0,"comment_status":"open","ping_status":"open","sticky":false,"template":"","format":"standard","meta":{"footnotes":""},"categories":[212],"tags":[56],"class_list":["post-2897","post","type-post","status-publish","format-standard","hentry","category-schule","tag-kanti-solothurn"],"_links":{"self":[{"href":"https:\/\/kurtjakob.ch\/index.php?rest_route=\/wp\/v2\/posts\/2897","targetHints":{"allow":["GET"]}}],"collection":[{"href":"https:\/\/kurtjakob.ch\/index.php?rest_route=\/wp\/v2\/posts"}],"about":[{"href":"https:\/\/kurtjakob.ch\/index.php?rest_route=\/wp\/v2\/types\/post"}],"author":[{"embeddable":true,"href":"https:\/\/kurtjakob.ch\/index.php?rest_route=\/wp\/v2\/users\/4"}],"replies":[{"embeddable":true,"href":"https:\/\/kurtjakob.ch\/index.php?rest_route=%2Fwp%2Fv2%2Fcomments&post=2897"}],"version-history":[{"count":9,"href":"https:\/\/kurtjakob.ch\/index.php?rest_route=\/wp\/v2\/posts\/2897\/revisions"}],"predecessor-version":[{"id":2908,"href":"https:\/\/kurtjakob.ch\/index.php?rest_route=\/wp\/v2\/posts\/2897\/revisions\/2908"}],"wp:attachment":[{"href":"https:\/\/kurtjakob.ch\/index.php?rest_route=%2Fwp%2Fv2%2Fmedia&parent=2897"}],"wp:term":[{"taxonomy":"category","embeddable":true,"href":"https:\/\/kurtjakob.ch\/index.php?rest_route=%2Fwp%2Fv2%2Fcategories&post=2897"},{"taxonomy":"post_tag","embeddable":true,"href":"https:\/\/kurtjakob.ch\/index.php?rest_route=%2Fwp%2Fv2%2Ftags&post=2897"}],"curies":[{"name":"wp","href":"https:\/\/api.w.org\/{rel}","templated":true}]}}