{"id":2882,"date":"2021-05-09T14:16:22","date_gmt":"2021-05-09T14:16:22","guid":{"rendered":"https:\/\/kurtjakob.ch\/?p=2882"},"modified":"2021-05-09T14:16:57","modified_gmt":"2021-05-09T14:16:57","slug":"simonetta-sommaruga-im-interview-wenn-wir-das-co%e2%82%82-gesetz-ablehnen-hat-die-erdoelindustrie-gewonnen-tages-anzeiger","status":"publish","type":"post","link":"https:\/\/kurtjakob.ch\/?p=2882","title":{"rendered":"Zitat des Tages &#8211; 9.5.21"},"content":{"rendered":"<p>Bundesr\u00e4tin Simonetta Sommaruga zum CO\u2082-Gesetz<\/p>\n<blockquote><p>Wenn wir das Gesetz ablehnen, hat die Erd\u00f6lindustrie gewonnen, nicht die Klimajugend. Die Erd\u00f6lkonzerne wollen, dass wir weiterhin jedes Jahr 8 Milliarden ins Ausland an die \u00d6l- und Gasproduzenten bezahlen, statt damit daheim eine saubere Energieproduktion aufzubauen und klimafreundliche Technologien anzuwenden.<\/p><\/blockquote>\n<p>Quelle: <em><a href=\"https:\/\/www.tagesanzeiger.ch\/wenn-wir-das-gesetz-ablehnen-hat-die-erdoelindustrie-gewonnen-168593103801\">Simonetta Sommaruga im Interview \u2013 \u00abWenn wir das CO\u2082-Gesetz ablehnen, hat die Erd\u00f6lindustrie gewonnen\u00bb | Tages-Anzeiger<\/a><\/em><\/p>\n","protected":false},"excerpt":{"rendered":"<p>Bundesr\u00e4tin Simonetta Sommaruga zum CO\u2082-Gesetz Wenn wir das Gesetz ablehnen, hat die Erd\u00f6lindustrie gewonnen, nicht die Klimajugend. Die Erd\u00f6lkonzerne wollen, dass wir weiterhin jedes Jahr 8 Milliarden ins Ausland an die \u00d6l- und Gasproduzenten bezahlen, statt damit daheim eine saubere Energieproduktion aufzubauen und klimafreundliche Technologien anzuwenden. Quelle: Simonetta Sommaruga im Interview \u2013 \u00abWenn wir das [&hellip;]<\/p>\n","protected":false},"author":4,"featured_media":0,"comment_status":"open","ping_status":"open","sticky":false,"template":"","format":"standard","meta":{"footnotes":""},"categories":[197],"tags":[229,177,31],"class_list":["post-2882","post","type-post","status-publish","format-standard","hentry","category-e-auto","tag-klima","tag-zitat","tag-zukunftsvisionen"],"_links":{"self":[{"href":"https:\/\/kurtjakob.ch\/index.php?rest_route=\/wp\/v2\/posts\/2882","targetHints":{"allow":["GET"]}}],"collection":[{"href":"https:\/\/kurtjakob.ch\/index.php?rest_route=\/wp\/v2\/posts"}],"about":[{"href":"https:\/\/kurtjakob.ch\/index.php?rest_route=\/wp\/v2\/types\/post"}],"author":[{"embeddable":true,"href":"https:\/\/kurtjakob.ch\/index.php?rest_route=\/wp\/v2\/users\/4"}],"replies":[{"embeddable":true,"href":"https:\/\/kurtjakob.ch\/index.php?rest_route=%2Fwp%2Fv2%2Fcomments&post=2882"}],"version-history":[{"count":2,"href":"https:\/\/kurtjakob.ch\/index.php?rest_route=\/wp\/v2\/posts\/2882\/revisions"}],"predecessor-version":[{"id":2884,"href":"https:\/\/kurtjakob.ch\/index.php?rest_route=\/wp\/v2\/posts\/2882\/revisions\/2884"}],"wp:attachment":[{"href":"https:\/\/kurtjakob.ch\/index.php?rest_route=%2Fwp%2Fv2%2Fmedia&parent=2882"}],"wp:term":[{"taxonomy":"category","embeddable":true,"href":"https:\/\/kurtjakob.ch\/index.php?rest_route=%2Fwp%2Fv2%2Fcategories&post=2882"},{"taxonomy":"post_tag","embeddable":true,"href":"https:\/\/kurtjakob.ch\/index.php?rest_route=%2Fwp%2Fv2%2Ftags&post=2882"}],"curies":[{"name":"wp","href":"https:\/\/api.w.org\/{rel}","templated":true}]}}