{"id":2874,"date":"2021-05-07T20:23:13","date_gmt":"2021-05-07T20:23:13","guid":{"rendered":"https:\/\/kurtjakob.ch\/?p=2874"},"modified":"2021-06-23T12:21:46","modified_gmt":"2021-06-23T12:21:46","slug":"wer-ist-opa-koebi","status":"publish","type":"post","link":"https:\/\/kurtjakob.ch\/?p=2874","title":{"rendered":"Wer ist &#8222;Opa K\u00f6bi&#8220;?"},"content":{"rendered":"<p>In der Sendung <a href=\"https:\/\/www.swr.de\/swr2\/leben-und-gesellschaft\/der-schweizer-twitter-star-opa-koebi-mahner-im-land-der-corona-lockerungen-100.html\" target=\"_blank\" rel=\"noopener\"><em>Der Schweizer-Twitter-Star \u201eOpa K\u00f6bi\u201c &#8211; Mahner im Land der Corona-Lockerungen<\/em><\/a> auf SWR2 hat man sich heute gefragt, wer der geheimnisvolle Schweizer Twitter-Star Opa K\u00f6bi eigentlich ist. <a href=\"https:\/\/pdodswr-a.akamaihd.net\/swr\/swr2\/samstagnachmittag\/leben-und-gesellschaft\/der-schweizer-twitter-star-opa-koebi-mahner-im-land-der-corona-lockerungen.m.mp3\" target=\"_blank\" rel=\"noopener\">Hier<\/a> geht es zur Radiosendung. Ob es wirklich ein Opa ist? Man weiss es nicht. Interviews gibt er nur per Mail. Die &#8222;Stimme&#8220;, die man Opa K\u00f6bi im Interview gibt ist \u00fcbrigens \u00fcbertrieben &#8222;schweizerisch&#8220;. <a href=\"https:\/\/twitter.com\/OpaKoebi\" target=\"_blank\" rel=\"noopener\">Hier<\/a> der Link zu Opa K\u00f6bi auf Twitter. Stand heute hat er 2982 Follower. Er selbst charakterisiert sich so auf Twitter:<\/p>\n<blockquote><p>&#8222;In der Schweiz sind es im Wesentlichen zwei Stimmen, die konsequent zur epidemiologischen Vorsicht raten.&#8220; (S\u00fcddeutsche Zeitung) &#8211; eine davon ist Opa K\u00f6bi.<\/p><\/blockquote>\n<p>Und hier der letzte Tweet.<\/p>\n<blockquote class=\"twitter-tweet\" data-width=\"550\" data-dnt=\"true\">\n<p lang=\"de\" dir=\"ltr\">Der Bundesrat schuldet uns Antworten auf f\u00fcnf zentrale Fragen. Schon seit Monaten.<a href=\"https:\/\/t.co\/gPexJ8ULhm\">https:\/\/t.co\/gPexJ8ULhm<\/a><\/p>\n<p>&mdash; Opa K\u00f6bi (@OpaKoebi) <a href=\"https:\/\/twitter.com\/OpaKoebi\/status\/1368840142174175232?ref_src=twsrc%5Etfw\">March 8, 2021<\/a><\/p><\/blockquote>\n<p><script async src=\"https:\/\/platform.twitter.com\/widgets.js\" charset=\"utf-8\"><\/script><\/p>\n<p>&nbsp;<\/p>\n","protected":false},"excerpt":{"rendered":"<p>In der Sendung Der Schweizer-Twitter-Star \u201eOpa K\u00f6bi\u201c &#8211; Mahner im Land der Corona-Lockerungen auf SWR2 hat man sich heute gefragt, wer der geheimnisvolle Schweizer Twitter-Star Opa K\u00f6bi eigentlich ist. Hier geht es zur Radiosendung. Ob es wirklich ein Opa ist? Man weiss es nicht. Interviews gibt er nur per Mail. Die &#8222;Stimme&#8220;, die man Opa [&hellip;]<\/p>\n","protected":false},"author":4,"featured_media":0,"comment_status":"open","ping_status":"open","sticky":false,"template":"","format":"standard","meta":{"footnotes":""},"categories":[214],"tags":[206,119,93,118],"class_list":["post-2874","post","type-post","status-publish","format-standard","hentry","category-soziale-medien","tag-corona","tag-social-media","tag-soziale-netzwerke","tag-twitter"],"_links":{"self":[{"href":"https:\/\/kurtjakob.ch\/index.php?rest_route=\/wp\/v2\/posts\/2874","targetHints":{"allow":["GET"]}}],"collection":[{"href":"https:\/\/kurtjakob.ch\/index.php?rest_route=\/wp\/v2\/posts"}],"about":[{"href":"https:\/\/kurtjakob.ch\/index.php?rest_route=\/wp\/v2\/types\/post"}],"author":[{"embeddable":true,"href":"https:\/\/kurtjakob.ch\/index.php?rest_route=\/wp\/v2\/users\/4"}],"replies":[{"embeddable":true,"href":"https:\/\/kurtjakob.ch\/index.php?rest_route=%2Fwp%2Fv2%2Fcomments&post=2874"}],"version-history":[{"count":2,"href":"https:\/\/kurtjakob.ch\/index.php?rest_route=\/wp\/v2\/posts\/2874\/revisions"}],"predecessor-version":[{"id":3868,"href":"https:\/\/kurtjakob.ch\/index.php?rest_route=\/wp\/v2\/posts\/2874\/revisions\/3868"}],"wp:attachment":[{"href":"https:\/\/kurtjakob.ch\/index.php?rest_route=%2Fwp%2Fv2%2Fmedia&parent=2874"}],"wp:term":[{"taxonomy":"category","embeddable":true,"href":"https:\/\/kurtjakob.ch\/index.php?rest_route=%2Fwp%2Fv2%2Fcategories&post=2874"},{"taxonomy":"post_tag","embeddable":true,"href":"https:\/\/kurtjakob.ch\/index.php?rest_route=%2Fwp%2Fv2%2Ftags&post=2874"}],"curies":[{"name":"wp","href":"https:\/\/api.w.org\/{rel}","templated":true}]}}