{"id":287,"date":"2011-05-22T19:35:48","date_gmt":"2011-05-22T19:35:48","guid":{"rendered":"http:\/\/wp.kurtjakob.ch\/?p=287"},"modified":"2011-05-22T19:35:48","modified_gmt":"2011-05-22T19:35:48","slug":"projekt-gutenberg-auf-dem-kindle","status":"publish","type":"post","link":"https:\/\/kurtjakob.ch\/?p=287","title":{"rendered":"Projekt Gutenberg auf dem Kindle"},"content":{"rendered":"<p align=\"left\"><img loading=\"lazy\" decoding=\"async\" style=\"background-image: none; padding-left: 0px; padding-right: 0px; display: inline; padding-top: 0px; border: 0px;\" title=\"0ywdc311\" src=\"http:\/\/blog.kurtjakob.ch\/uploads\/Projekt-Gutenberg-auf-dem-Kindle_12D9F\/0ywdc311.jpg\" alt=\"0ywdc311\" width=\"378\" height=\"48\" border=\"0\" \/><\/p>\n<p align=\"left\"><img loading=\"lazy\" decoding=\"async\" style=\"background-image: none; padding-left: 0px; padding-right: 0px; display: inline; padding-top: 0px; border: 0px;\" title=\"2jzqzk1z\" src=\"http:\/\/blog.kurtjakob.ch\/uploads\/Projekt-Gutenberg-auf-dem-Kindle_12D9F\/2jzqzk1z.jpg\" alt=\"2jzqzk1z\" width=\"244\" height=\"194\" border=\"0\" \/><\/p>\n<p align=\"left\">Eben habe ich festgestellt, dass viele B\u00fccher aus dem deutschen <a href=\"http:\/\/gutenberg.spiegel.de\/\" target=\"_blank\">Projekt Gutenberg<\/a> direkt auf den <a href=\"http:\/\/gutenberg.spiegel.de\/gutenb\/img\/kindle-gutenberg-ad-313x232.jpg\" target=\"_blank\">Kindle<\/a> geladen werden k\u00f6nnen. Der Download erfolgt dann nat\u00fcrlich \u00fcber <a href=\"http:\/\/www.amazon.de\/b?node=594725031&amp;tag=gutenberg-spiegel-21\" target=\"_blank\">Amazon.de<\/a>:<\/p>\n<p align=\"left\"><img loading=\"lazy\" decoding=\"async\" style=\"background-image: none; padding-left: 0px; padding-right: 0px; display: inline; padding-top: 0px; border: 0px;\" title=\"1xasmqx2\" src=\"http:\/\/blog.kurtjakob.ch\/uploads\/Projekt-Gutenberg-auf-dem-Kindle_12D9F\/1xasmqx2.jpg\" alt=\"1xasmqx2\" width=\"273\" height=\"224\" border=\"0\" \/><\/p>\n<p align=\"left\">Das sind gute Neuigkeiten.<\/p>\n<p align=\"left\">\u00dcber die <a href=\"http:\/\/www.gutenberg.org\/wiki\/Main_Page\" target=\"_blank\">englische Seite von Projekt Gutenberg<\/a> ist \u00fcbrigens der Download verschiedenster Formate schon seit l\u00e4ngerer Zeit m\u00f6glich. Hoffen wir, dass auch das deutsche Projekt Gutenberg demn\u00e4chst andere Formate direkt unterst\u00fctzen wird.<\/p>\n<p><\/p>\n","protected":false},"excerpt":{"rendered":"<p>Eben habe ich festgestellt, dass viele B\u00fccher aus dem deutschen Projekt Gutenberg direkt auf den Kindle geladen werden k\u00f6nnen. Der Download erfolgt dann nat\u00fcrlich \u00fcber Amazon.de: Das sind gute Neuigkeiten. \u00dcber die englische Seite von Projekt Gutenberg ist \u00fcbrigens der Download verschiedenster Formate schon seit l\u00e4ngerer Zeit m\u00f6glich. Hoffen wir, dass auch das deutsche Projekt [&hellip;]<\/p>\n","protected":false},"author":4,"featured_media":0,"comment_status":"open","ping_status":"open","sticky":false,"template":"","format":"standard","meta":{"footnotes":""},"categories":[1],"tags":[27,89,16,104],"class_list":["post-287","post","type-post","status-publish","format-standard","hentry","category-uncategorized","tag-ebook","tag-kindle","tag-literatur-online","tag-projekt-gutenberg"],"_links":{"self":[{"href":"https:\/\/kurtjakob.ch\/index.php?rest_route=\/wp\/v2\/posts\/287","targetHints":{"allow":["GET"]}}],"collection":[{"href":"https:\/\/kurtjakob.ch\/index.php?rest_route=\/wp\/v2\/posts"}],"about":[{"href":"https:\/\/kurtjakob.ch\/index.php?rest_route=\/wp\/v2\/types\/post"}],"author":[{"embeddable":true,"href":"https:\/\/kurtjakob.ch\/index.php?rest_route=\/wp\/v2\/users\/4"}],"replies":[{"embeddable":true,"href":"https:\/\/kurtjakob.ch\/index.php?rest_route=%2Fwp%2Fv2%2Fcomments&post=287"}],"version-history":[{"count":0,"href":"https:\/\/kurtjakob.ch\/index.php?rest_route=\/wp\/v2\/posts\/287\/revisions"}],"wp:attachment":[{"href":"https:\/\/kurtjakob.ch\/index.php?rest_route=%2Fwp%2Fv2%2Fmedia&parent=287"}],"wp:term":[{"taxonomy":"category","embeddable":true,"href":"https:\/\/kurtjakob.ch\/index.php?rest_route=%2Fwp%2Fv2%2Fcategories&post=287"},{"taxonomy":"post_tag","embeddable":true,"href":"https:\/\/kurtjakob.ch\/index.php?rest_route=%2Fwp%2Fv2%2Ftags&post=287"}],"curies":[{"name":"wp","href":"https:\/\/api.w.org\/{rel}","templated":true}]}}