{"id":2861,"date":"2021-05-06T20:53:56","date_gmt":"2021-05-06T20:53:56","guid":{"rendered":"https:\/\/kurtjakob.ch\/?p=2861"},"modified":"2021-05-06T20:53:56","modified_gmt":"2021-05-06T20:53:56","slug":"zitat-des-tages-6-5-21","status":"publish","type":"post","link":"https:\/\/kurtjakob.ch\/?p=2861","title":{"rendered":"Zitat des Tages &#8211; 6.5.21"},"content":{"rendered":"<p>In einem Mail, das die Journalistin Mela Eckenfels an die Schauspielerin Ulrike Folkerts geschrieben hat, beschreibt jene, was sie in der Zeit der Pandemie gelernt hat. Sie sei nach Ausbruch der Pandemie \u00fcberzeugt gewesen, dass wir eigentlich \u00fcber das Wissen verf\u00fcgen, das wir zur Bew\u00e4ltigung haben m\u00fcssen, dass wir als Staatsgemeinschaft zusammenstehen und diese Pandemie durchstehen werden.<\/p>\n<blockquote><p>Inzwischen habe ich, bedauerlicherweise, jeden Respekt vor einem gro\u00dfen Teil meiner Mitb\u00fcrger verloren. Ich musste meinen Glauben, dass wir als gebildete, nahezu vollst\u00e4ndig alphabetisierten Gesellschaft, die Informationen nutzen, die wir haben, um vernunftgesteuerte Entscheidungen zu treffen, revidieren. Das schon sehr fr\u00fch, als Menschen mit Klopapier und Mehl \u00fcberladene Einkaufsw\u00e4gen aus den Superm\u00e4rkten schoben und Handdesinfektionsmittel aus Krankenzimmern stahlen. &#8230;<br \/>\nAuf was ich \u00fcberhaupt nicht vorbereitet war, war, dass die erste konsequente Reaktion auch die einzige konsequente bleiben sollte und wir uns in eine Spirale aus Wissenschaftsleugnung, Partikularinteressen, Inkompetenz und Entscheidungsschw\u00e4che hineinman\u00f6vrieren. &#8230;<br \/>\nWas mir nicht nur auf die Nerven ging, sondern mich auch schockierte, war, wie d\u00fcnn sich der zivilisatorische Lack auf einmal erwies. &#8230;<\/p>\n<p>Unter welchem Stein, oder in welchem Loft muss man sich verkrochen haben, um sich zynisch \u00fcber zehntausendfaches Leid zu erheben und sich mit derartig sch\u00e4bigen Videos \u00fcber die zu stellen, die wollen, dass wir alle gut durch diese Zeit kommen?<\/p><\/blockquote>\n<p>Quelle: <em><a href=\"https:\/\/publikum.net\/eine-mail-an-ulrike-folkerts\/\">Nur eine Mail an Ulrike Folkerts \u2013 und doch so viel mehr<\/a><\/em><\/p>\n","protected":false},"excerpt":{"rendered":"<p>In einem Mail, das die Journalistin Mela Eckenfels an die Schauspielerin Ulrike Folkerts geschrieben hat, beschreibt jene, was sie in der Zeit der Pandemie gelernt hat. Sie sei nach Ausbruch der Pandemie \u00fcberzeugt gewesen, dass wir eigentlich \u00fcber das Wissen verf\u00fcgen, das wir zur Bew\u00e4ltigung haben m\u00fcssen, dass wir als Staatsgemeinschaft zusammenstehen und diese Pandemie [&hellip;]<\/p>\n","protected":false},"author":4,"featured_media":0,"comment_status":"open","ping_status":"open","sticky":false,"template":"","format":"standard","meta":{"footnotes":""},"categories":[197],"tags":[206,5,177],"class_list":["post-2861","post","type-post","status-publish","format-standard","hentry","category-e-auto","tag-corona","tag-philosophisches","tag-zitat"],"_links":{"self":[{"href":"https:\/\/kurtjakob.ch\/index.php?rest_route=\/wp\/v2\/posts\/2861","targetHints":{"allow":["GET"]}}],"collection":[{"href":"https:\/\/kurtjakob.ch\/index.php?rest_route=\/wp\/v2\/posts"}],"about":[{"href":"https:\/\/kurtjakob.ch\/index.php?rest_route=\/wp\/v2\/types\/post"}],"author":[{"embeddable":true,"href":"https:\/\/kurtjakob.ch\/index.php?rest_route=\/wp\/v2\/users\/4"}],"replies":[{"embeddable":true,"href":"https:\/\/kurtjakob.ch\/index.php?rest_route=%2Fwp%2Fv2%2Fcomments&post=2861"}],"version-history":[{"count":2,"href":"https:\/\/kurtjakob.ch\/index.php?rest_route=\/wp\/v2\/posts\/2861\/revisions"}],"predecessor-version":[{"id":2864,"href":"https:\/\/kurtjakob.ch\/index.php?rest_route=\/wp\/v2\/posts\/2861\/revisions\/2864"}],"wp:attachment":[{"href":"https:\/\/kurtjakob.ch\/index.php?rest_route=%2Fwp%2Fv2%2Fmedia&parent=2861"}],"wp:term":[{"taxonomy":"category","embeddable":true,"href":"https:\/\/kurtjakob.ch\/index.php?rest_route=%2Fwp%2Fv2%2Fcategories&post=2861"},{"taxonomy":"post_tag","embeddable":true,"href":"https:\/\/kurtjakob.ch\/index.php?rest_route=%2Fwp%2Fv2%2Ftags&post=2861"}],"curies":[{"name":"wp","href":"https:\/\/api.w.org\/{rel}","templated":true}]}}