{"id":2852,"date":"2021-05-05T15:29:11","date_gmt":"2021-05-05T15:29:11","guid":{"rendered":"https:\/\/kurtjakob.ch\/?p=2852"},"modified":"2021-06-23T12:22:47","modified_gmt":"2021-06-23T12:22:47","slug":"bcher-podcasts","status":"publish","type":"post","link":"https:\/\/kurtjakob.ch\/?p=2852","title":{"rendered":"B&uuml;cher-Podcasts"},"content":{"rendered":"<p>Da die Buchmesse in Leipzig dieses Jahr wiederum nicht stattfinden wird, pr\u00e4sentiert \u201c<a href=\"https:\/\/www.freitag.de\/\" target=\"_blank\" rel=\"noopener\">der Freitag<\/a>\u201d schon ab dem 21. April und noch bis Ende Mai jeweils Gespr\u00e4che mit Autorinnen und Autoren. \u201cDie Leipziger Buchmesse f\u00e4llt leider erneut aus. Wir treffen Autorinnen und Autoren daher im digitalen Raum\u201d, so wird dies angek\u00fcndigt.<\/p>\n<p>Der erste Podcast ist ein Gespr\u00e4ch zwischen Sebastian Puscher und der deutschen Politikerin und Publizistin Sahra Wagenknecht. Zu diesem Gespr\u00e4ch lesen wir auf der Webseite:<\/p>\n<blockquote><p>Urban, divers, kosmopolitisch, individualistisch \u2013 links ist f\u00fcr viele heute vor allem eine Lifestylefrage, so die Kritik von Sahra Wagenknecht. In ihrem kontrovers diskutierten Buch zeichnet sie eine Alternative zu einem Linksliberalismus, der sich progressiv w\u00e4hnt, aber die Gesellschaft weiter spaltet, weil er sich nur f\u00fcr das eigene Milieu interessiert und Diskriminierung aufgrund sozialer Herkunft ignoriert.<\/p><\/blockquote>\n<p>In einem zweiten Podcast spricht Martina Mescher Laura Backes und Margherita Bettoni zum Thema \u201cAlle drei Tage ein Femizid\u201c. Zu diesem Podcast lesen wir auf der Webseite.<\/p>\n<blockquote><p>Jeden Tag versucht in Deutschland ein Mann, seine Frau umzubringen. Alle drei Tage wird eine Frau von ihrem Partner oder Ex-Partner get\u00f6tet. Hinzu kommen die Morde an Frauen durch ihnen unbekannte T\u00e4ter. Diese Verbrechen sind keine Ehrenmorde oder Beziehungstaten, sondern Femizide: Morde, die an Frauen ver\u00fcbt werden, weil sie Frauen sind. Laura Backes und Margherita Bettoni zeigen in ihrem aufr\u00fcttelnden Buch, dass die T\u00f6tung von Frauen aufgrund ihres Geschlechts auch bei uns ein ernsthaftes gesamtgesellschaftliches Problem ist.<\/p><\/blockquote>\n<p><a href=\"https:\/\/www.freitag.de\/autoren\/freitag-veranstaltungen\/literaturpodcasts-buecherfruehling\" target=\"_blank\" rel=\"noopener\">Hier<\/a> geht es zu den Podcasts.<\/p>\n","protected":false},"excerpt":{"rendered":"<p>Da die Buchmesse in Leipzig dieses Jahr wiederum nicht stattfinden wird, pr\u00e4sentiert \u201cder Freitag\u201d schon ab dem 21. April und noch bis Ende Mai jeweils Gespr\u00e4che mit Autorinnen und Autoren. \u201cDie Leipziger Buchmesse f\u00e4llt leider erneut aus. Wir treffen Autorinnen und Autoren daher im digitalen Raum\u201d, so wird dies angek\u00fcndigt. Der erste Podcast ist ein [&hellip;]<\/p>\n","protected":false},"author":4,"featured_media":0,"comment_status":"open","ping_status":"open","sticky":false,"template":"","format":"standard","meta":{"footnotes":""},"categories":[230],"tags":[79,6,16,83],"class_list":["post-2852","post","type-post","status-publish","format-standard","hentry","category-podcast","tag-buch","tag-literatur","tag-literatur-online","tag-podcast"],"_links":{"self":[{"href":"https:\/\/kurtjakob.ch\/index.php?rest_route=\/wp\/v2\/posts\/2852","targetHints":{"allow":["GET"]}}],"collection":[{"href":"https:\/\/kurtjakob.ch\/index.php?rest_route=\/wp\/v2\/posts"}],"about":[{"href":"https:\/\/kurtjakob.ch\/index.php?rest_route=\/wp\/v2\/types\/post"}],"author":[{"embeddable":true,"href":"https:\/\/kurtjakob.ch\/index.php?rest_route=\/wp\/v2\/users\/4"}],"replies":[{"embeddable":true,"href":"https:\/\/kurtjakob.ch\/index.php?rest_route=%2Fwp%2Fv2%2Fcomments&post=2852"}],"version-history":[{"count":2,"href":"https:\/\/kurtjakob.ch\/index.php?rest_route=\/wp\/v2\/posts\/2852\/revisions"}],"predecessor-version":[{"id":3869,"href":"https:\/\/kurtjakob.ch\/index.php?rest_route=\/wp\/v2\/posts\/2852\/revisions\/3869"}],"wp:attachment":[{"href":"https:\/\/kurtjakob.ch\/index.php?rest_route=%2Fwp%2Fv2%2Fmedia&parent=2852"}],"wp:term":[{"taxonomy":"category","embeddable":true,"href":"https:\/\/kurtjakob.ch\/index.php?rest_route=%2Fwp%2Fv2%2Fcategories&post=2852"},{"taxonomy":"post_tag","embeddable":true,"href":"https:\/\/kurtjakob.ch\/index.php?rest_route=%2Fwp%2Fv2%2Ftags&post=2852"}],"curies":[{"name":"wp","href":"https:\/\/api.w.org\/{rel}","templated":true}]}}