{"id":2844,"date":"2021-05-04T12:16:56","date_gmt":"2021-05-04T12:16:56","guid":{"rendered":"https:\/\/kurtjakob.ch\/?p=2844"},"modified":"2021-05-04T12:16:56","modified_gmt":"2021-05-04T12:16:56","slug":"news-vom-e-bike","status":"publish","type":"post","link":"https:\/\/kurtjakob.ch\/?p=2844","title":{"rendered":"News vom E-Bike"},"content":{"rendered":"<blockquote><p>A selfie stick, a phone, a mic, and an ebike<\/p><\/blockquote>\n<p>Im einem Beitrag auf thenextweb.com wird geschrieben, dass so etwas nur in den Niederlanden m\u00f6glich sei: <a href=\"https:\/\/thenextweb.com\/news\/bbc-news-correspondent-anna-holligan-news-ebike?utm_source=feedburner&amp;utm_medium=feed&amp;utm_campaign=Feed%3A+TheNextWeb+%28The+Next+Web+All+Stories%29\" target=\"_blank\" rel=\"noopener\">Only in the Netherlands could this BBC correspondent bring us the news by ebike<\/a>.<\/p>\n<p>Anna Holigan aus den Niederlanden ist Korrespondentin f\u00fcr BBC News und hat ein Video auf Twitter gepostet, w\u00e4hrend sie auf ihrem E-Bike unterwegs war.<\/p>\n<p>https:\/\/twitter.com\/annaholligan\/status\/1389124226309926912<\/p>\n<p>Die Idee sei ihr spontan gekommen. In den Niederlanden ist die Benutzung eines Telefons beim Radfahren \u00fcbrigens verboten, daf\u00fcr gibt es saftige Geldstrafen. Die Korrespondentin hat dies allerdings v\u00f6llig legal gemacht mit einem montierten Selfie-Stick und einem windgesch\u00fctzten Ansteckmikrofon. Und dann fahre sie halt Rad und erz\u00e4hle Geschichten.<\/p>\n<p>Videos aus dem fahrenden Autos habe ich auch schon mehrfach gesehen, etwa <a href=\"https:\/\/www.youtube.com\/watch?v=b7rxefLYGZg\" target=\"_blank\" rel=\"noopener\">hier<\/a>, aber diese hatten einen unmittelbaren Zusammenhang zum Autofahren.<\/p>\n","protected":false},"excerpt":{"rendered":"<p>A selfie stick, a phone, a mic, and an ebike Im einem Beitrag auf thenextweb.com wird geschrieben, dass so etwas nur in den Niederlanden m\u00f6glich sei: Only in the Netherlands could this BBC correspondent bring us the news by ebike. Anna Holigan aus den Niederlanden ist Korrespondentin f\u00fcr BBC News und hat ein Video auf [&hellip;]<\/p>\n","protected":false},"author":4,"featured_media":0,"comment_status":"open","ping_status":"open","sticky":false,"template":"","format":"standard","meta":{"footnotes":""},"categories":[222],"tags":[134,119],"class_list":["post-2844","post","type-post","status-publish","format-standard","hentry","category-digitale-welt","tag-information","tag-social-media"],"_links":{"self":[{"href":"https:\/\/kurtjakob.ch\/index.php?rest_route=\/wp\/v2\/posts\/2844","targetHints":{"allow":["GET"]}}],"collection":[{"href":"https:\/\/kurtjakob.ch\/index.php?rest_route=\/wp\/v2\/posts"}],"about":[{"href":"https:\/\/kurtjakob.ch\/index.php?rest_route=\/wp\/v2\/types\/post"}],"author":[{"embeddable":true,"href":"https:\/\/kurtjakob.ch\/index.php?rest_route=\/wp\/v2\/users\/4"}],"replies":[{"embeddable":true,"href":"https:\/\/kurtjakob.ch\/index.php?rest_route=%2Fwp%2Fv2%2Fcomments&post=2844"}],"version-history":[{"count":3,"href":"https:\/\/kurtjakob.ch\/index.php?rest_route=\/wp\/v2\/posts\/2844\/revisions"}],"predecessor-version":[{"id":2847,"href":"https:\/\/kurtjakob.ch\/index.php?rest_route=\/wp\/v2\/posts\/2844\/revisions\/2847"}],"wp:attachment":[{"href":"https:\/\/kurtjakob.ch\/index.php?rest_route=%2Fwp%2Fv2%2Fmedia&parent=2844"}],"wp:term":[{"taxonomy":"category","embeddable":true,"href":"https:\/\/kurtjakob.ch\/index.php?rest_route=%2Fwp%2Fv2%2Fcategories&post=2844"},{"taxonomy":"post_tag","embeddable":true,"href":"https:\/\/kurtjakob.ch\/index.php?rest_route=%2Fwp%2Fv2%2Ftags&post=2844"}],"curies":[{"name":"wp","href":"https:\/\/api.w.org\/{rel}","templated":true}]}}