{"id":2828,"date":"2021-05-03T17:48:26","date_gmt":"2021-05-03T17:48:26","guid":{"rendered":"https:\/\/kurtjakob.ch\/?p=2828"},"modified":"2021-05-03T17:50:29","modified_gmt":"2021-05-03T17:50:29","slug":"eingebrochen-und-abituraufgaben-aus-dem-tresor-des-direktors-gestohlen","status":"publish","type":"post","link":"https:\/\/kurtjakob.ch\/?p=2828","title":{"rendered":"Eingebrochen und Abituraufgaben aus dem Tresor des Direktors gestohlen"},"content":{"rendered":"<p>Auf <a href=\"https:\/\/www.news4teachers.de\/2021\/05\/eingebrochen-und-abituraufgaben-aus-dem-tresor-des-direktors-gestohlen-bewaehrungsstrafen\/\" target=\"_blank\" rel=\"noopener\">news4teachers.de<\/a> habe ich heute gelesen, dass drei Sch\u00fcler aus dem Tresor eines Bamberger Gymnasiums im Mai 2020 Abitur-Pr\u00fcfungsaufgaben der F\u00e4cher Deutsch, Englisch und Latein gestohlen haben. Daf\u00fcr haben die damals 19-J\u00e4hrigen jetzt wegen Sachbesch\u00e4digung und Diebstahl eine Strafe von neun Monaten mit zwei Jahren auf Bew\u00e4hrung bekommen. Ausserdem m\u00fcssen sie in einem gemeinn\u00fctzigen Projekt mitarbeiten.<\/p>\n<blockquote><p>\u00abAm Anfang war es Abenteuerlust\u00bb, sagte einer der Angeklagten. \u00abAnerkennung\u00bb sei ebenso ein Grund gewesen. Von den schulischen Leistungen h\u00e4tten die jungen M\u00e4nner dies nach Angaben ihrer Verteidiger nicht n\u00f6tig gehabt.<\/p><\/blockquote>\n<p>Nach dem entdeckten Diebstahl mussten f\u00fcr die 33\u2019000 Pr\u00fcflinge neue Ersatzaufgaben gestellt werden. F\u00fcr das Mathematik-Abitur mussten zudem kurzfristig neue Aufgaben f\u00fcr mehrere L\u00e4nder gemacht werden.<\/p>\n<p>Im selben Jahr habe ausserdem ein Konrektor Abschlussaufgaben fotografiert und dem Sohn seiner Lebensgef\u00e4hrtin zukommen lassen.<\/p>\n<p>Meinen allerersten <a href=\"https:\/\/kurtjakob.ch\/?p=1945\" target=\"_blank\" rel=\"noopener\">Blogbeitrag hier im Mai 2006<\/a> war eine Kurzmeldung \u00fcber den Diebstahl von Abituraufgaben, und im <a href=\"https:\/\/kurtjakob.ch\/?p=95\" target=\"_blank\" rel=\"noopener\">April 2007<\/a> berichtete ich dann kurz von einem weiteren Diebstahl von Klausuren aus einem Zug.<\/p>\n<p>Von einem Kollegen weiss ich, dass er bei Regenwetter auf dem Nachhauseweg mit seinem Fahrrad gest\u00fcrzt ist und dass dabei ein ganzer Klassensatz von Klausuren verstreut wurde. Die Pr\u00fcfungen waren zwar nicht weg, aber sie h\u00e4tten viele Spuren von diesem Unfall gehabt. Das haben mir Sch\u00fcler berichtet.<\/p>\n","protected":false},"excerpt":{"rendered":"<p>Auf news4teachers.de habe ich heute gelesen, dass drei Sch\u00fcler aus dem Tresor eines Bamberger Gymnasiums im Mai 2020 Abitur-Pr\u00fcfungsaufgaben der F\u00e4cher Deutsch, Englisch und Latein gestohlen haben. Daf\u00fcr haben die damals 19-J\u00e4hrigen jetzt wegen Sachbesch\u00e4digung und Diebstahl eine Strafe von neun Monaten mit zwei Jahren auf Bew\u00e4hrung bekommen. Ausserdem m\u00fcssen sie in einem gemeinn\u00fctzigen Projekt [&hellip;]<\/p>\n","protected":false},"author":4,"featured_media":0,"comment_status":"open","ping_status":"open","sticky":false,"template":"","format":"standard","meta":{"footnotes":""},"categories":[210],"tags":[131,40],"class_list":["post-2828","post","type-post","status-publish","format-standard","hentry","category-na-so-was","tag-matura","tag-schule"],"_links":{"self":[{"href":"https:\/\/kurtjakob.ch\/index.php?rest_route=\/wp\/v2\/posts\/2828","targetHints":{"allow":["GET"]}}],"collection":[{"href":"https:\/\/kurtjakob.ch\/index.php?rest_route=\/wp\/v2\/posts"}],"about":[{"href":"https:\/\/kurtjakob.ch\/index.php?rest_route=\/wp\/v2\/types\/post"}],"author":[{"embeddable":true,"href":"https:\/\/kurtjakob.ch\/index.php?rest_route=\/wp\/v2\/users\/4"}],"replies":[{"embeddable":true,"href":"https:\/\/kurtjakob.ch\/index.php?rest_route=%2Fwp%2Fv2%2Fcomments&post=2828"}],"version-history":[{"count":3,"href":"https:\/\/kurtjakob.ch\/index.php?rest_route=\/wp\/v2\/posts\/2828\/revisions"}],"predecessor-version":[{"id":2831,"href":"https:\/\/kurtjakob.ch\/index.php?rest_route=\/wp\/v2\/posts\/2828\/revisions\/2831"}],"wp:attachment":[{"href":"https:\/\/kurtjakob.ch\/index.php?rest_route=%2Fwp%2Fv2%2Fmedia&parent=2828"}],"wp:term":[{"taxonomy":"category","embeddable":true,"href":"https:\/\/kurtjakob.ch\/index.php?rest_route=%2Fwp%2Fv2%2Fcategories&post=2828"},{"taxonomy":"post_tag","embeddable":true,"href":"https:\/\/kurtjakob.ch\/index.php?rest_route=%2Fwp%2Fv2%2Ftags&post=2828"}],"curies":[{"name":"wp","href":"https:\/\/api.w.org\/{rel}","templated":true}]}}