{"id":282,"date":"2011-05-15T20:09:52","date_gmt":"2011-05-15T20:09:52","guid":{"rendered":"http:\/\/wp.kurtjakob.ch\/?p=282"},"modified":"2011-05-15T20:09:52","modified_gmt":"2011-05-15T20:09:52","slug":"plagiate-immer-wieder","status":"publish","type":"post","link":"https:\/\/kurtjakob.ch\/?p=282","title":{"rendered":"Plagiate &#8211; immer wieder"},"content":{"rendered":"<p align=\"left\">Kaum hat die Kommission &#8222;Selbstkontrolle in der Wissenschaft&#8220;\u009d der Universit\u00e4t Bayreuth ihren <a href=\"http:\/\/www.uni-bayreuth.de\/presse\/info\/2011\/Bericht_der_Kommission_m__Anlagen_10_5_2011_.pdf\" target=\"_blank\">Bericht<\/a> an die Hochschulleitung publiziert, schon werden wir mit den n\u00e4chsten F\u00e4llen konfrontiert, mit FDP-Europapolitikerin Silvana Koch-Mehrin, am 10.5.2011 konnte man dies auf <a href=\"http:\/\/www.focus.de\/politik\/deutschland\/plagiatsaffaere-ii-koch-mehrin-muss-offenbar-doktortitel-abgeben_aid_625891.html\" target=\"_blank\">FocusONLINE<\/a> lesen. Einen Tag sp\u00e4ter dann berichtet etwa <a href=\"http:\/\/www.nzz.ch\/nachrichten\/politik\/international\/deutschland_fdp_politikerin_plagiat_affaere_ruecktritt_koch_mehrin_1.10547886.html\" target=\"_blank\">NZZOnline<\/a>, dass Koch-Mehrin zur\u00fccktritt:<\/p>\n<blockquote>\n<p align=\"left\">Koch-Mehrin hatte 1999 eine wirtschaftshistorische Dissertation zur lateinischen M\u00fcnzunion an der Universit\u00e4t Heidelberg eingereicht. \u00abDort wird sie jetzt \u00fcberpr\u00fcft. Ich m\u00f6chte, dass diese Pr\u00fcfung nun vertraulich, fair, nach rechtsstaatlichen Massst\u00e4ben und ohne Ansehen der Person durchgef\u00fchrt und nicht dadurch belastet wird, dass ich herausgehobene \u00c4mter innehabe\u00bb, erkl\u00e4rte sie.<\/p>\n<\/blockquote>\n<p align=\"left\">Weitere Informationen zu Plagiaten auf dem <a href=\"http:\/\/www.bildungsserver.de\/zeigen.html?seite=6683\" target=\"_blank\">Deutschen Bildungsserver<\/a>.<\/p>\n<p align=\"left\">Interessant finde ich einen Beitrag auf <a href=\"http:\/\/www.teachersnews.net\/artikel\/nachrichten\/beruf\/021298.php\" target=\"_blank\">TeachersNews<\/a>. Dort wird sehr selbstbewusst geschrieben:<\/p>\n<blockquote>\n<p align=\"left\">Schummel-Sch\u00fcler leben gef\u00e4hrlich: Lehrer decken Plagiate schnell auf<\/p>\n<\/blockquote>\n<p align=\"left\">Warum k\u00f6nnen denn Lehrer was Hochschulprofessoren nicht k\u00f6nnen?<\/p>\n<blockquote>\n<p align=\"left\">Hinweise auf ein m\u00f6gliches Plagiat geben demnach u.a. wechselnde Formatierungen im Text, unvermittelt auftretende Rechtschreib- oder Grammatikfehler, die der betreffende Sch\u00fcler sonst nie macht, und Stilbr\u00fcche. Auch professionelle Bilder, Grafiken oder Tabellen in einer ansonsten d\u00fcrftigen Arbeit sind nach Ansicht der Lehrerinformation verd\u00e4chtig.<\/p>\n<\/blockquote>\n<p align=\"left\">Es liegt also offenbar daran, dass die Sch\u00fcler noch sehr naiv ans Plagiieren gehen.<\/p>\n<p align=\"left\">Es ist \u00fcbrigens sehr interessant, dass die allermeisten Lehrpersonen, die ich befragt habe, der Meinung sind, dass bei ihnen keine Plagiate abgegeben werden bzw. dass sie diese sofort erkennen.<\/p>\n<p align=\"left\">Am 11. Mai habe ich dann ganz zuf\u00e4llig im <a href=\"http:\/\/www.rollingstone.com\/music\/news\/bob-dylans-greatest-lyrical-thefts-20110511\" target=\"_blank\">RollingStone<\/a> gelesen, der \u00fcbrigens dem 70. Geburtstag von Bob Dylan gewidmet ist, dass auch Bob Dylan abgeschrieben hat.<\/p>\n<blockquote>\n<p align=\"left\">Everybody, just relax: Bob Dylan is still, hands down, the most gifted and original songwriter of the past century. But yes, he did poach some stanzas from 19th-century Confederate poet Henry Timrod for Modern Times. He&#8217;s been lifting lines from other people for his entire career &#8230;<\/p>\n<\/blockquote>\n<p align=\"left\">Im Artikel werden dann einige bekannte Plagiatsstellen von Dylan dargestellt. In einem Kommentar fragt dann jemand, woher denn eigentlich das Magazin den Namen gestohlen habe.<\/p>\n<p><\/p>\n","protected":false},"excerpt":{"rendered":"<p>Kaum hat die Kommission &#8222;Selbstkontrolle in der Wissenschaft&#8220;\u009d der Universit\u00e4t Bayreuth ihren Bericht an die Hochschulleitung publiziert, schon werden wir mit den n\u00e4chsten F\u00e4llen konfrontiert, mit FDP-Europapolitikerin Silvana Koch-Mehrin, am 10.5.2011 konnte man dies auf FocusONLINE lesen. Einen Tag sp\u00e4ter dann berichtet etwa NZZOnline, dass Koch-Mehrin zur\u00fccktritt: Koch-Mehrin hatte 1999 eine wirtschaftshistorische Dissertation zur lateinischen [&hellip;]<\/p>\n","protected":false},"author":4,"featured_media":0,"comment_status":"open","ping_status":"open","sticky":false,"template":"","format":"standard","meta":{"footnotes":""},"categories":[1],"tags":[42],"class_list":["post-282","post","type-post","status-publish","format-standard","hentry","category-uncategorized","tag-plagiat"],"_links":{"self":[{"href":"https:\/\/kurtjakob.ch\/index.php?rest_route=\/wp\/v2\/posts\/282","targetHints":{"allow":["GET"]}}],"collection":[{"href":"https:\/\/kurtjakob.ch\/index.php?rest_route=\/wp\/v2\/posts"}],"about":[{"href":"https:\/\/kurtjakob.ch\/index.php?rest_route=\/wp\/v2\/types\/post"}],"author":[{"embeddable":true,"href":"https:\/\/kurtjakob.ch\/index.php?rest_route=\/wp\/v2\/users\/4"}],"replies":[{"embeddable":true,"href":"https:\/\/kurtjakob.ch\/index.php?rest_route=%2Fwp%2Fv2%2Fcomments&post=282"}],"version-history":[{"count":0,"href":"https:\/\/kurtjakob.ch\/index.php?rest_route=\/wp\/v2\/posts\/282\/revisions"}],"wp:attachment":[{"href":"https:\/\/kurtjakob.ch\/index.php?rest_route=%2Fwp%2Fv2%2Fmedia&parent=282"}],"wp:term":[{"taxonomy":"category","embeddable":true,"href":"https:\/\/kurtjakob.ch\/index.php?rest_route=%2Fwp%2Fv2%2Fcategories&post=282"},{"taxonomy":"post_tag","embeddable":true,"href":"https:\/\/kurtjakob.ch\/index.php?rest_route=%2Fwp%2Fv2%2Ftags&post=282"}],"curies":[{"name":"wp","href":"https:\/\/api.w.org\/{rel}","templated":true}]}}