{"id":277,"date":"2011-05-07T21:24:53","date_gmt":"2011-05-07T21:24:53","guid":{"rendered":"http:\/\/wp.kurtjakob.ch\/?p=277"},"modified":"2011-05-07T21:24:53","modified_gmt":"2011-05-07T21:24:53","slug":"75-millionen-funktionale-analphabeten","status":"publish","type":"post","link":"https:\/\/kurtjakob.ch\/?p=277","title":{"rendered":"7,5 Millionen funktionale Analphabeten"},"content":{"rendered":"<p align=\"left\"><a href=\"http:\/\/blog.kurtjakob.ch\/uploads\/0d5ebbeb9ed1_1457F\/ccdkmonx.jpg\"><img loading=\"lazy\" decoding=\"async\" style=\"background-image: none; padding-left: 0px; padding-right: 0px; display: inline; padding-top: 0px; border: 0px;\" title=\"ccdkmonx\" src=\"http:\/\/blog.kurtjakob.ch\/uploads\/0d5ebbeb9ed1_1457F\/ccdkmonx_thumb.jpg\" alt=\"ccdkmonx\" width=\"265\" height=\"166\" border=\"0\" \/><\/a><\/p>\n<p align=\"left\">Die Studie &#8222;leo. &#8211; Level-One&#8220;\u009d von <a href=\"http:\/\/blogs.epb.uni-hamburg.de\/lea\/2011\/02\/28\/75-millionen-funktionale-analphabeten\/\" target=\"_blank\">Anke Grotl\u00fcschen<\/a>, die an der Universit\u00e4t Hamburg durchgef\u00fchrt worden ist, kommt zum Ergebnis, dass in Deutschland 7,5 Millionen funktionale Analphabeten leben.<\/p>\n<p align=\"left\">Gem\u00e4ss der Studie wird unter funktionalem Analphabetismus Folgendes verstanden:<\/p>\n<blockquote><p>Davon wird bei Unterschreiten der Textebene<br \/>\ngesprochen, d.h., dass eine Person zwar<br \/>\neinzelne S\u00e4tze lesen oder schreiben kann,<br \/>\nnicht jedoch zusammenh\u00e4ngende &#8211; auch<br \/>\nk\u00fcrzere &#8211; Texte. [&#8230;]<br \/>\nSo misslingt etwa auch bei<br \/>\neinfachen Besch\u00e4ftigungen das Lesen schriftlicher<br \/>\nArbeitsanweisungen.<\/p><\/blockquote>\n<p align=\"left\">Mehr als 4% der Erwerbst\u00e4tigen sind Analphabeten.<\/p>\n<blockquote><p>Davon wird bei Unterschreiten der Satzebene<br \/>\ngesprochen, d.h., dass eine Person zwar<br \/>\neinzelne W\u00f6rter lesend verstehen bzw.<br \/>\nschreiben kann &#8211; nicht jedoch ganze S\u00e4tze.<br \/>\nZudem m\u00fcssen die betroffenen Personen<br \/>\nauch gebr\u00e4uchliche W\u00f6rter Buchstabe f\u00fcr<br \/>\nBuchstabe zusammensetzen.<\/p><\/blockquote>\n<p align=\"left\">Interessant finde ich, dass immerhin 12,3% der funktionalen Analphabeten eine h\u00f6here Bildung absolviert haben.<\/p>\n<p align=\"left\">Die Studie findet man <a href=\"http:\/\/blogs.epb.uni-hamburg.de\/leo\/files\/2011\/02\/leo-Level-One-Studie-Presseheft1.pdf\" target=\"_blank\">hier<\/a>, und <a href=\"http:\/\/blogs.epb.uni-hamburg.de\/leo\/\" target=\"_blank\">hier<\/a> den dazugeh\u00f6renden Blog.<\/p>\n<p align=\"left\">\u00dcber <a href=\"http:\/\/www.teachersnews.net\/artikel\/nachrichten\/schulleitung\/021383.php\" target=\"_blank\">TeachersNews<\/a> und <a href=\"http:\/\/info.blogs.rpi-virtuell.net\/2011\/05\/03\/115-millionen-analphabeten-in-deutschland\/\" target=\"_blank\">rpiVIRTUELL<\/a><\/p>\n<p><\/p>\n","protected":false},"excerpt":{"rendered":"<p>Die Studie &#8222;leo. &#8211; Level-One&#8220;\u009d von Anke Grotl\u00fcschen, die an der Universit\u00e4t Hamburg durchgef\u00fchrt worden ist, kommt zum Ergebnis, dass in Deutschland 7,5 Millionen funktionale Analphabeten leben. Gem\u00e4ss der Studie wird unter funktionalem Analphabetismus Folgendes verstanden: Davon wird bei Unterschreiten der Textebene gesprochen, d.h., dass eine Person zwar einzelne S\u00e4tze lesen oder schreiben kann, nicht [&hellip;]<\/p>\n","protected":false},"author":4,"featured_media":0,"comment_status":"open","ping_status":"open","sticky":false,"template":"","format":"standard","meta":{"footnotes":""},"categories":[1],"tags":[99,50],"class_list":["post-277","post","type-post","status-publish","format-standard","hentry","category-uncategorized","tag-lesen","tag-schreiben"],"_links":{"self":[{"href":"https:\/\/kurtjakob.ch\/index.php?rest_route=\/wp\/v2\/posts\/277","targetHints":{"allow":["GET"]}}],"collection":[{"href":"https:\/\/kurtjakob.ch\/index.php?rest_route=\/wp\/v2\/posts"}],"about":[{"href":"https:\/\/kurtjakob.ch\/index.php?rest_route=\/wp\/v2\/types\/post"}],"author":[{"embeddable":true,"href":"https:\/\/kurtjakob.ch\/index.php?rest_route=\/wp\/v2\/users\/4"}],"replies":[{"embeddable":true,"href":"https:\/\/kurtjakob.ch\/index.php?rest_route=%2Fwp%2Fv2%2Fcomments&post=277"}],"version-history":[{"count":0,"href":"https:\/\/kurtjakob.ch\/index.php?rest_route=\/wp\/v2\/posts\/277\/revisions"}],"wp:attachment":[{"href":"https:\/\/kurtjakob.ch\/index.php?rest_route=%2Fwp%2Fv2%2Fmedia&parent=277"}],"wp:term":[{"taxonomy":"category","embeddable":true,"href":"https:\/\/kurtjakob.ch\/index.php?rest_route=%2Fwp%2Fv2%2Fcategories&post=277"},{"taxonomy":"post_tag","embeddable":true,"href":"https:\/\/kurtjakob.ch\/index.php?rest_route=%2Fwp%2Fv2%2Ftags&post=277"}],"curies":[{"name":"wp","href":"https:\/\/api.w.org\/{rel}","templated":true}]}}