{"id":275,"date":"2011-05-07T20:37:26","date_gmt":"2011-05-07T20:37:26","guid":{"rendered":"http:\/\/wp.kurtjakob.ch\/?p=275"},"modified":"2011-05-07T20:37:26","modified_gmt":"2011-05-07T20:37:26","slug":"es-ist-noch-nicht-aus-in-diesem-blog","status":"publish","type":"post","link":"https:\/\/kurtjakob.ch\/?p=275","title":{"rendered":"Es ist noch nicht aus in diesem Blog"},"content":{"rendered":"<p align=\"left\">In einem <a href=\"http:\/\/wiki.doebe.li\/Beat\/OneToOneTagungImRueckblick\" target=\"_blank\">Blogbeitrag<\/a> zur &#8222;1:1-computing Tagung&#8220;\u009d meint Beat D\u00f6beli<\/p>\n<blockquote>\n<p align=\"left\">Ich habe aber auch unabh\u00e4ngig von dieser Tagung das (ungute) Gef\u00fchl, dass die Edublogger in letzter Zeit einiges ruhiger geworden, wenn nicht gar verstummt sind. Ist der Peak der Blogs vorbei und es ist leichter, mal rasch 140 Zeichen von sich zu geben als mit viel Aufwand ein gr\u00f6sseres Blogposting zu formulieren? Twittert doch mal Eure Einsch\u00e4tzungen&#8230; kicher, kicher<\/p>\n<\/blockquote>\n<p align=\"left\">Ich twittere jetzt meinen Kommentar nicht, sondern mache zur Abwechslung wieder mal einen Blogbeitrag.<\/p>\n<p align=\"left\">Meine Postingfrequenz ist sehr niedrig, das war sie schon immer &#8211; siehe dazu einen Kommentar auf <a href=\"http:\/\/www.lehrerfreund.de\/in\/schule\/1s\/lehrerblog-2009-2-etablierte\/3428\/\" target=\"_blank\">TeachersNews aus dem Jahre 2009<\/a>, in letzter Zeit aber ist sie noch bedeutend niedriger geworden.<\/p>\n<p align=\"left\">Hier einige Gr\u00fcnde:<\/p>\n<ul>\n<li>\n<div align=\"left\">In einigen F\u00e4llen benutze ich ganz einfach Facebook &#8211; etwa wenn ich Sch\u00fclern Links gebe, die in Zusammenhang mit dem Schulunterricht stehen. Dies funktioniert nat\u00fcrlich nur in dem Fall, wo ganze Klassen \u00fcber Facebook erreichbar sind.<\/div>\n<\/li>\n<li>\n<div align=\"left\">Das gute, alte Zeitproblem &#8211; die letzten zweieinhalb Jahre waren mit dem <a href=\"http:\/\/www.ifi.uzh.ch\/efi\/curriculum\/\" target=\"_blank\">EFI-Studium<\/a> relativ gut ausgef\u00fcllt, da blieb in vielen F\u00e4llen ganz einfach keine Zeit mehr.<\/div>\n<\/li>\n<li>\n<div align=\"left\">Unangenehme Nebenger\u00e4usche bzw. Kommentare im Blog &#8211; dieser Fall der damals <a href=\"http:\/\/blog.kurtjakob.ch\/?p=200\" target=\"_blank\">anonymen Beitr\u00e4gen<\/a> hat mich wesentlich vorsichtiger werden lassen. Zwar ist der Fall aufgekl\u00e4rt, aber es bleibt ein unangenehmes Gef\u00fchl zur\u00fcck bei jedem Blogeintrag.<\/div>\n<\/li>\n<\/ul>\n<p align=\"left\">Dies sind nur einige Gr\u00fcnde f\u00fcr das Beinahe-Verstummen meines Blogs.<\/p>\n<p>&nbsp;<\/p>\n","protected":false},"excerpt":{"rendered":"<p>In einem Blogbeitrag zur &#8222;1:1-computing Tagung&#8220;\u009d meint Beat D\u00f6beli Ich habe aber auch unabh\u00e4ngig von dieser Tagung das (ungute) Gef\u00fchl, dass die Edublogger in letzter Zeit einiges ruhiger geworden, wenn nicht gar verstummt sind. Ist der Peak der Blogs vorbei und es ist leichter, mal rasch 140 Zeichen von sich zu geben als mit viel [&hellip;]<\/p>\n","protected":false},"author":4,"featured_media":0,"comment_status":"open","ping_status":"open","sticky":false,"template":"","format":"standard","meta":{"footnotes":""},"categories":[1],"tags":[51],"class_list":["post-275","post","type-post","status-publish","format-standard","hentry","category-uncategorized","tag-untagged"],"_links":{"self":[{"href":"https:\/\/kurtjakob.ch\/index.php?rest_route=\/wp\/v2\/posts\/275","targetHints":{"allow":["GET"]}}],"collection":[{"href":"https:\/\/kurtjakob.ch\/index.php?rest_route=\/wp\/v2\/posts"}],"about":[{"href":"https:\/\/kurtjakob.ch\/index.php?rest_route=\/wp\/v2\/types\/post"}],"author":[{"embeddable":true,"href":"https:\/\/kurtjakob.ch\/index.php?rest_route=\/wp\/v2\/users\/4"}],"replies":[{"embeddable":true,"href":"https:\/\/kurtjakob.ch\/index.php?rest_route=%2Fwp%2Fv2%2Fcomments&post=275"}],"version-history":[{"count":0,"href":"https:\/\/kurtjakob.ch\/index.php?rest_route=\/wp\/v2\/posts\/275\/revisions"}],"wp:attachment":[{"href":"https:\/\/kurtjakob.ch\/index.php?rest_route=%2Fwp%2Fv2%2Fmedia&parent=275"}],"wp:term":[{"taxonomy":"category","embeddable":true,"href":"https:\/\/kurtjakob.ch\/index.php?rest_route=%2Fwp%2Fv2%2Fcategories&post=275"},{"taxonomy":"post_tag","embeddable":true,"href":"https:\/\/kurtjakob.ch\/index.php?rest_route=%2Fwp%2Fv2%2Ftags&post=275"}],"curies":[{"name":"wp","href":"https:\/\/api.w.org\/{rel}","templated":true}]}}