{"id":273,"date":"2011-02-28T22:47:35","date_gmt":"2011-02-28T22:47:35","guid":{"rendered":"http:\/\/wp.kurtjakob.ch\/?p=273"},"modified":"2021-05-01T21:06:52","modified_gmt":"2021-05-01T21:06:52","slug":"plagiate","status":"publish","type":"post","link":"https:\/\/kurtjakob.ch\/?p=273","title":{"rendered":"Plagiate"},"content":{"rendered":"<p align=\"left\">Auf der Seite von <a href=\"http:\/\/www.golem.de\/1102\/81759.html\" target=\"_blank\" rel=\"noopener\">golem.de<\/a> habe ich das folgende Zitat gefunden:<\/p>\n<blockquote>\n<p align=\"left\">Verteidigungsminister Karl-Theodor zu Guttenberg (CSU) und die Bundes\u00f6glich, Kindern und Jugendlichen die Unrechtm\u00e4\u00dfigkeit von Plagiaten zu erkl\u00e4ren.<\/p>\n<\/blockquote>\n<p align=\"left\">Der Fall hat aber auch etwas Gutes f\u00fcr die Schulen: Die Plagiats-Problematik wird uns wieder klar in Erinnerung gerufen.<\/p>\n<p align=\"left\">Ich hatte im Jahr 2003 meinen ersten klaren Plagiatsfall, eine ganze Arbeit &#8211; bezeichnenderweise im Fach Ethik &#8211; war ein Plagiat, wortw\u00f6rtlich abgeschrieben. Der Sch\u00fcler, mit dem Plagiatsvorwurf konfrontiert, hat mich anschliessend daf\u00fcr verantwortlich gemacht, \u00fcberhaupt alle Lehrer, die langweilig unterrichten. Er hat mich schliesslich sogar beschimpft. Er erhielt daf\u00fcr ein Ultimatum &#8211; d.h. eine Androhung auf Wegweisung von der Schule.<\/p>\n<p align=\"left\">Seit diesem Fall habe ich mich stark mit der Thematik besch\u00e4ftigt. Viel gelernt habe ich in Stefan Webers Buch <em><a href=\"http:\/\/www.amazon.de\/Google-Copy-Paste-Syndrom-Netzplagiate-Ausbildung-Wissen-gef%C3%A4hrden\/dp\/3936931372\" target=\"_blank\" rel=\"noopener\">Das Google-Copy-Paste-Syndrom<\/a>.<\/em> Ich versuche die Sch\u00fclerinnen und Sch\u00fcler f\u00fcr diese Problematik zu sensibilisieren und habe das Gef\u00fchl, dass dies auch gelingt. Wichtig scheint mir, dass wir die Sch\u00fcler lehren, wie man sein eigenes Wissen strukturieren und aufbauen kann. F\u00fcr ein gutes Wissensmanagement eignet sich der Computer nat\u00fcrlich sehr gut. In diesem Zusammenhang m\u00f6chte ich nochmals <a href=\"http:\/\/www.citavi.com\" target=\"_blank\" rel=\"noopener\">citavi<\/a> erw\u00e4hnen.<\/p>\n<p align=\"left\">Nat\u00fcrlich k\u00f6nnen wir nie verhindern, dass plagiiert wird. Es ist nie auszuschliessen, dass z.B. Maturaarbeiten an mehreren Schulen eingereicht werden oder dass eine Maturaarbeit sp\u00e4ter als eine Diplomarbeit eingereicht wird.<\/p>\n<p>&nbsp;<\/p>\n","protected":false},"excerpt":{"rendered":"<p>Auf der Seite von golem.de habe ich das folgende Zitat gefunden: Verteidigungsminister Karl-Theodor zu Guttenberg (CSU) und die Bundes\u00f6glich, Kindern und Jugendlichen die Unrechtm\u00e4\u00dfigkeit von Plagiaten zu erkl\u00e4ren. Der Fall hat aber auch etwas Gutes f\u00fcr die Schulen: Die Plagiats-Problematik wird uns wieder klar in Erinnerung gerufen. Ich hatte im Jahr 2003 meinen ersten klaren [&hellip;]<\/p>\n","protected":false},"author":3,"featured_media":0,"comment_status":"open","ping_status":"open","sticky":false,"template":"","format":"standard","meta":{"footnotes":""},"categories":[194,212],"tags":[227,42,98],"class_list":["post-273","post","type-post","status-publish","format-standard","hentry","category-aergernisse","category-schule","tag-citavi","tag-plagiat","tag-wissensmanagement"],"_links":{"self":[{"href":"https:\/\/kurtjakob.ch\/index.php?rest_route=\/wp\/v2\/posts\/273","targetHints":{"allow":["GET"]}}],"collection":[{"href":"https:\/\/kurtjakob.ch\/index.php?rest_route=\/wp\/v2\/posts"}],"about":[{"href":"https:\/\/kurtjakob.ch\/index.php?rest_route=\/wp\/v2\/types\/post"}],"author":[{"embeddable":true,"href":"https:\/\/kurtjakob.ch\/index.php?rest_route=\/wp\/v2\/users\/3"}],"replies":[{"embeddable":true,"href":"https:\/\/kurtjakob.ch\/index.php?rest_route=%2Fwp%2Fv2%2Fcomments&post=273"}],"version-history":[{"count":1,"href":"https:\/\/kurtjakob.ch\/index.php?rest_route=\/wp\/v2\/posts\/273\/revisions"}],"predecessor-version":[{"id":2798,"href":"https:\/\/kurtjakob.ch\/index.php?rest_route=\/wp\/v2\/posts\/273\/revisions\/2798"}],"wp:attachment":[{"href":"https:\/\/kurtjakob.ch\/index.php?rest_route=%2Fwp%2Fv2%2Fmedia&parent=273"}],"wp:term":[{"taxonomy":"category","embeddable":true,"href":"https:\/\/kurtjakob.ch\/index.php?rest_route=%2Fwp%2Fv2%2Fcategories&post=273"},{"taxonomy":"post_tag","embeddable":true,"href":"https:\/\/kurtjakob.ch\/index.php?rest_route=%2Fwp%2Fv2%2Ftags&post=273"}],"curies":[{"name":"wp","href":"https:\/\/api.w.org\/{rel}","templated":true}]}}