{"id":2725,"date":"2021-05-01T12:23:18","date_gmt":"2021-05-01T12:23:18","guid":{"rendered":"https:\/\/kurtjakob.ch\/?p=2725"},"modified":"2021-05-01T12:23:43","modified_gmt":"2021-05-01T12:23:43","slug":"zitat-des-tages-1-5-21","status":"publish","type":"post","link":"https:\/\/kurtjakob.ch\/?p=2725","title":{"rendered":"Zitat des Tages &#8211;\u00a0 1.5.21"},"content":{"rendered":"<blockquote><p>Noch immer haben nicht alle verstanden, dass man sich um einen Impftermin bem\u00fchen muss. Es wird nicht ein amtliches Aufgebot ins Haus flattern, und es wird auch kein Impfw\u00e4geli vor der Haust\u00fcre hupen.<\/p>\n<p>(Katja Fischer De Santi)<\/p><\/blockquote>\n<p>Quelle: <em><a href=\"https:\/\/www.tagblatt.ch\/meinung\/kommentare\/wochenkommentar-neue-anwaerter-fuer-das-wort-des-jahres-impfscham-und-impfneid-wieso-das-auch-eine-gute-nachricht-ist-ld.2131829\">Wochenkommentar &#8211; Neue Anw\u00e4rter f\u00fcr das Wort des Jahres: Impfscham und Impfneid\u00a0\u2013 wieso das auch eine gute Nachricht ist | Solothurner Zeitung<\/a><\/em><\/p>\n","protected":false},"excerpt":{"rendered":"<p>Noch immer haben nicht alle verstanden, dass man sich um einen Impftermin bem\u00fchen muss. Es wird nicht ein amtliches Aufgebot ins Haus flattern, und es wird auch kein Impfw\u00e4geli vor der Haust\u00fcre hupen. (Katja Fischer De Santi) Quelle: Wochenkommentar &#8211; Neue Anw\u00e4rter f\u00fcr das Wort des Jahres: Impfscham und Impfneid\u00a0\u2013 wieso das auch eine gute [&hellip;]<\/p>\n","protected":false},"author":4,"featured_media":0,"comment_status":"open","ping_status":"open","sticky":false,"template":"","format":"standard","meta":{"footnotes":""},"categories":[197],"tags":[206],"class_list":["post-2725","post","type-post","status-publish","format-standard","hentry","category-e-auto","tag-corona"],"_links":{"self":[{"href":"https:\/\/kurtjakob.ch\/index.php?rest_route=\/wp\/v2\/posts\/2725","targetHints":{"allow":["GET"]}}],"collection":[{"href":"https:\/\/kurtjakob.ch\/index.php?rest_route=\/wp\/v2\/posts"}],"about":[{"href":"https:\/\/kurtjakob.ch\/index.php?rest_route=\/wp\/v2\/types\/post"}],"author":[{"embeddable":true,"href":"https:\/\/kurtjakob.ch\/index.php?rest_route=\/wp\/v2\/users\/4"}],"replies":[{"embeddable":true,"href":"https:\/\/kurtjakob.ch\/index.php?rest_route=%2Fwp%2Fv2%2Fcomments&post=2725"}],"version-history":[{"count":3,"href":"https:\/\/kurtjakob.ch\/index.php?rest_route=\/wp\/v2\/posts\/2725\/revisions"}],"predecessor-version":[{"id":2728,"href":"https:\/\/kurtjakob.ch\/index.php?rest_route=\/wp\/v2\/posts\/2725\/revisions\/2728"}],"wp:attachment":[{"href":"https:\/\/kurtjakob.ch\/index.php?rest_route=%2Fwp%2Fv2%2Fmedia&parent=2725"}],"wp:term":[{"taxonomy":"category","embeddable":true,"href":"https:\/\/kurtjakob.ch\/index.php?rest_route=%2Fwp%2Fv2%2Fcategories&post=2725"},{"taxonomy":"post_tag","embeddable":true,"href":"https:\/\/kurtjakob.ch\/index.php?rest_route=%2Fwp%2Fv2%2Ftags&post=2725"}],"curies":[{"name":"wp","href":"https:\/\/api.w.org\/{rel}","templated":true}]}}