{"id":2702,"date":"2021-04-29T21:37:21","date_gmt":"2021-04-29T21:37:21","guid":{"rendered":"https:\/\/kurtjakob.ch\/?p=2702"},"modified":"2021-05-01T12:24:36","modified_gmt":"2021-05-01T12:24:36","slug":"microsoft-teams-mit-145-millionen-nutzern-am-tag","status":"publish","type":"post","link":"https:\/\/kurtjakob.ch\/?p=2702","title":{"rendered":"Microsoft Teams mit 145 Millionen Nutzern am Tag"},"content":{"rendered":"<p>Nicht alle Wirtschaftszweige haben w\u00e4hrend der Pandemie gelitten. Profitiert haben jene Anbieter, die Werkzeuge geschaffen haben, die uns in dieser Zeit die Kommunikation erleichtert oder \u00fcberhaupt erm\u00f6glicht haben. Zu diesen Werkzeugen geh\u00f6rt auch MS Teams.<\/p>\n<p>Gem\u00e4ss einem Tweet von Jeff Teper, Coprporate Vice President von Microsoft 365, hat Teams im Moment 145 Millionen Nutzer am Tag, eine ganz gewaltige Anzahl. Auch an unserer Schule verwenden es einige Lehrer f\u00fcr den Unterricht und sind damit sehr zufrieden.<\/p>\n<p>https:\/\/twitter.com\/jeffteper\/status\/1387141320519557120<\/p>\n<p>Zu Beginn der Pandemie habe Teams 32 Millionen Nutzer pro Tag gehabt, so <a href=\"https:\/\/stadt-bremerhaven.de\/microsoft-teams-mit-145-millionen-nutzer-am-tag\/?utm_source=feedburner&amp;utm_medium=feed&amp;utm_campaign=Feed%3A+stadt-bremerhaven%2FdqXM+%28Caschys+Blog%29\" target=\"_blank\" rel=\"noopener\">Cashys Blog<\/a>.<\/p>\n","protected":false},"excerpt":{"rendered":"<p>Nicht alle Wirtschaftszweige haben w\u00e4hrend der Pandemie gelitten. Profitiert haben jene Anbieter, die Werkzeuge geschaffen haben, die uns in dieser Zeit die Kommunikation erleichtert oder \u00fcberhaupt erm\u00f6glicht haben. Zu diesen Werkzeugen geh\u00f6rt auch MS Teams. Gem\u00e4ss einem Tweet von Jeff Teper, Coprporate Vice President von Microsoft 365, hat Teams im Moment 145 Millionen Nutzer am [&hellip;]<\/p>\n","protected":false},"author":4,"featured_media":0,"comment_status":"open","ping_status":"open","sticky":false,"template":"","format":"standard","meta":{"footnotes":""},"categories":[189],"tags":[92,19,67,71],"class_list":["post-2702","post","type-post","status-publish","format-standard","hentry","category-digitalisierung","tag-digitale-schule","tag-digitales-schulzimmer","tag-ict-im-unterricht","tag-web-based-learning"],"_links":{"self":[{"href":"https:\/\/kurtjakob.ch\/index.php?rest_route=\/wp\/v2\/posts\/2702","targetHints":{"allow":["GET"]}}],"collection":[{"href":"https:\/\/kurtjakob.ch\/index.php?rest_route=\/wp\/v2\/posts"}],"about":[{"href":"https:\/\/kurtjakob.ch\/index.php?rest_route=\/wp\/v2\/types\/post"}],"author":[{"embeddable":true,"href":"https:\/\/kurtjakob.ch\/index.php?rest_route=\/wp\/v2\/users\/4"}],"replies":[{"embeddable":true,"href":"https:\/\/kurtjakob.ch\/index.php?rest_route=%2Fwp%2Fv2%2Fcomments&post=2702"}],"version-history":[{"count":4,"href":"https:\/\/kurtjakob.ch\/index.php?rest_route=\/wp\/v2\/posts\/2702\/revisions"}],"predecessor-version":[{"id":2729,"href":"https:\/\/kurtjakob.ch\/index.php?rest_route=\/wp\/v2\/posts\/2702\/revisions\/2729"}],"wp:attachment":[{"href":"https:\/\/kurtjakob.ch\/index.php?rest_route=%2Fwp%2Fv2%2Fmedia&parent=2702"}],"wp:term":[{"taxonomy":"category","embeddable":true,"href":"https:\/\/kurtjakob.ch\/index.php?rest_route=%2Fwp%2Fv2%2Fcategories&post=2702"},{"taxonomy":"post_tag","embeddable":true,"href":"https:\/\/kurtjakob.ch\/index.php?rest_route=%2Fwp%2Fv2%2Ftags&post=2702"}],"curies":[{"name":"wp","href":"https:\/\/api.w.org\/{rel}","templated":true}]}}