{"id":2679,"date":"2021-04-28T18:33:15","date_gmt":"2021-04-28T18:33:15","guid":{"rendered":"https:\/\/kurtjakob.ch\/?p=2679"},"modified":"2021-04-29T17:40:36","modified_gmt":"2021-04-29T17:40:36","slug":"byebye-calibri-microsoft-aendert-seine-standard-schriftart-heise-online","status":"publish","type":"post","link":"https:\/\/kurtjakob.ch\/?p=2679","title":{"rendered":"Byebye Calibri: Microsoft \u00e4ndert seine Standard-Schriftart &#8211; heise online"},"content":{"rendered":"<blockquote><p>Im kommenden Jahr soll sich die Standard-Schriftart bei Microsoft \u00e4ndern. Nach fast 15 Jahren Calibri. Welcher Font das Rennen macht, ist noch nicht entschieden. Nutzerinnen und Nutzer k\u00f6nnen zwischen f\u00fcnf Kandidaten ausw\u00e4hlen, die Microsoft jetzt vorgestellt hat.<\/p><\/blockquote>\n<p>Die Kandidaten sind:<\/p>\n<ul>\n<li>Tenorite<\/li>\n<li>Bierstadt<\/li>\n<li>Skeena<\/li>\n<li>Seaford<\/li>\n<li>Grandview<\/li>\n<\/ul>\n<p>&nbsp;<\/p>\n<p>Die Schriften k\u00f6nnen in der Textverarbeitung bereits aktiviert werden:<\/p>\n<p><img loading=\"lazy\" decoding=\"async\" src=\"https:\/\/kurtjakob.ch\/wp-content\/uploads\/2021\/04\/70E31FDC917E5F58036EDEABB61AF8D25E4ACE1D.jpg\" width=\"448\" height=\"258\" border=\"0\" \/><\/p>\n<p>Hier auf Twitter kann man f\u00fcr seine Lieblingsschrift stimmen:<\/p>\n<blockquote class=\"twitter-tweet\" data-width=\"550\" data-dnt=\"true\">\n<p lang=\"en\" dir=\"ltr\">We need to talk. What should our next default font be? <a href=\"https:\/\/t.co\/fV9thfdAr4\">pic.twitter.com\/fV9thfdAr4<\/a><\/p>\n<p>&mdash; Microsoft (@Microsoft) <a href=\"https:\/\/twitter.com\/Microsoft\/status\/1387421368581455874?ref_src=twsrc%5Etfw\">April 28, 2021<\/a><\/p><\/blockquote>\n<p><script async src=\"https:\/\/platform.twitter.com\/widgets.js\" charset=\"utf-8\"><\/script><\/p>\n<p>Quelle: <em><a href=\"https:\/\/www.heise.de\/news\/Byebye-Calibri-Microsoft-aendert-seine-Standard-Schriftart-6031157.html\">Byebye Calibri: Microsoft \u00e4ndert seine Standard-Schriftart | heise online<\/a><\/em><\/p>\n<p>Die Information von Microsoft findet man <a href=\"https:\/\/www.microsoft.com\/en-us\/microsoft-365\/blog\/2021\/04\/28\/beyond-calibri-finding-microsofts-next-default-font\/\" target=\"_blank\" rel=\"noopener\">hier<\/a>.<\/p>\n","protected":false},"excerpt":{"rendered":"<p>Im kommenden Jahr soll sich die Standard-Schriftart bei Microsoft \u00e4ndern. Nach fast 15 Jahren Calibri. Welcher Font das Rennen macht, ist noch nicht entschieden. Nutzerinnen und Nutzer k\u00f6nnen zwischen f\u00fcnf Kandidaten ausw\u00e4hlen, die Microsoft jetzt vorgestellt hat. Die Kandidaten sind: Tenorite Bierstadt Skeena Seaford Grandview &nbsp; Die Schriften k\u00f6nnen in der Textverarbeitung bereits aktiviert werden: [&hellip;]<\/p>\n","protected":false},"author":4,"featured_media":0,"comment_status":"open","ping_status":"open","sticky":false,"template":"","format":"standard","meta":{"footnotes":""},"categories":[192],"tags":[103,49],"class_list":["post-2679","post","type-post","status-publish","format-standard","hentry","category-textverarbeitung","tag-microsoft","tag-word"],"_links":{"self":[{"href":"https:\/\/kurtjakob.ch\/index.php?rest_route=\/wp\/v2\/posts\/2679","targetHints":{"allow":["GET"]}}],"collection":[{"href":"https:\/\/kurtjakob.ch\/index.php?rest_route=\/wp\/v2\/posts"}],"about":[{"href":"https:\/\/kurtjakob.ch\/index.php?rest_route=\/wp\/v2\/types\/post"}],"author":[{"embeddable":true,"href":"https:\/\/kurtjakob.ch\/index.php?rest_route=\/wp\/v2\/users\/4"}],"replies":[{"embeddable":true,"href":"https:\/\/kurtjakob.ch\/index.php?rest_route=%2Fwp%2Fv2%2Fcomments&post=2679"}],"version-history":[{"count":8,"href":"https:\/\/kurtjakob.ch\/index.php?rest_route=\/wp\/v2\/posts\/2679\/revisions"}],"predecessor-version":[{"id":2694,"href":"https:\/\/kurtjakob.ch\/index.php?rest_route=\/wp\/v2\/posts\/2679\/revisions\/2694"}],"wp:attachment":[{"href":"https:\/\/kurtjakob.ch\/index.php?rest_route=%2Fwp%2Fv2%2Fmedia&parent=2679"}],"wp:term":[{"taxonomy":"category","embeddable":true,"href":"https:\/\/kurtjakob.ch\/index.php?rest_route=%2Fwp%2Fv2%2Fcategories&post=2679"},{"taxonomy":"post_tag","embeddable":true,"href":"https:\/\/kurtjakob.ch\/index.php?rest_route=%2Fwp%2Fv2%2Ftags&post=2679"}],"curies":[{"name":"wp","href":"https:\/\/api.w.org\/{rel}","templated":true}]}}