{"id":2670,"date":"2021-04-27T18:08:05","date_gmt":"2021-04-27T18:08:05","guid":{"rendered":"https:\/\/kurtjakob.ch\/?p=2670"},"modified":"2021-04-27T18:08:05","modified_gmt":"2021-04-27T18:08:05","slug":"ein-portraet-elon-musk-wie-ein-fantast-zum-pionier-wurde-news-srf","status":"publish","type":"post","link":"https:\/\/kurtjakob.ch\/?p=2670","title":{"rendered":"Ein Portr\u00e4t &#8211; Elon Musk \u2013 wie ein Fantast zum Pionier wurde &#8211; News &#8211; SRF"},"content":{"rendered":"<p><a href=\"https:\/\/www.srf.ch\/news\/wirtschaft\/ein-portraet-elon-musk-wie-ein-fantast-zum-pionier-wurde\"><img loading=\"lazy\" decoding=\"async\" class=\"alignnone \" src=\"https:\/\/www.srf.ch\/static\/cms\/images\/branded_srf_news\/801b35.jpg\" alt=\"\" width=\"478\" height=\"269\" \/><\/a><\/p>\n<p>Heute Abend auf SRF 1 geh\u00f6rt: Ein Portr\u00e4t von Elon Musk<\/p>\n<blockquote><p>Vision\u00e4r, Rebell, Vollblut-Unternehmer, Idiot, Genie \u2013 viele Bezeichnungen hat Elon Musk schon erhalten. Mit Tesla hat er die Autoindustrie in Aufruhr versetzt und mit SpaceX ein neues Zeitalter in der Raumfahrt eingel\u00e4utet.<\/p><\/blockquote>\n<p>Zu h\u00f6ren ist die Sendung <a href=\"https:\/\/www.srf.ch\/play\/radio\/popupaudioplayer?id=f2da6cf2-7097-469f-b842-87798932b09f&amp;startTime=191.068\" target=\"_blank\" rel=\"noopener\">hier<\/a>.<\/p>\n<p>Quelle: <em><a href=\"https:\/\/www.srf.ch\/news\/wirtschaft\/ein-portraet-elon-musk-wie-ein-fantast-zum-pionier-wurde\">Ein Portr\u00e4t &#8211; Elon Musk \u2013 wie ein Fantast zum Pionier wurde &#8211; News &#8211; SRF<\/a><\/em><\/p>\n","protected":false},"excerpt":{"rendered":"<p>Heute Abend auf SRF 1 geh\u00f6rt: Ein Portr\u00e4t von Elon Musk Vision\u00e4r, Rebell, Vollblut-Unternehmer, Idiot, Genie \u2013 viele Bezeichnungen hat Elon Musk schon erhalten. Mit Tesla hat er die Autoindustrie in Aufruhr versetzt und mit SpaceX ein neues Zeitalter in der Raumfahrt eingel\u00e4utet. Zu h\u00f6ren ist die Sendung hier. Quelle: Ein Portr\u00e4t &#8211; Elon Musk [&hellip;]<\/p>\n","protected":false},"author":4,"featured_media":0,"comment_status":"open","ping_status":"open","sticky":false,"template":"","format":"standard","meta":{"footnotes":""},"categories":[213],"tags":[75,196,185],"class_list":["post-2670","post","type-post","status-publish","format-standard","hentry","category-visionen","tag-digitale-welt","tag-e-auto","tag-tesla"],"_links":{"self":[{"href":"https:\/\/kurtjakob.ch\/index.php?rest_route=\/wp\/v2\/posts\/2670","targetHints":{"allow":["GET"]}}],"collection":[{"href":"https:\/\/kurtjakob.ch\/index.php?rest_route=\/wp\/v2\/posts"}],"about":[{"href":"https:\/\/kurtjakob.ch\/index.php?rest_route=\/wp\/v2\/types\/post"}],"author":[{"embeddable":true,"href":"https:\/\/kurtjakob.ch\/index.php?rest_route=\/wp\/v2\/users\/4"}],"replies":[{"embeddable":true,"href":"https:\/\/kurtjakob.ch\/index.php?rest_route=%2Fwp%2Fv2%2Fcomments&post=2670"}],"version-history":[{"count":1,"href":"https:\/\/kurtjakob.ch\/index.php?rest_route=\/wp\/v2\/posts\/2670\/revisions"}],"predecessor-version":[{"id":2671,"href":"https:\/\/kurtjakob.ch\/index.php?rest_route=\/wp\/v2\/posts\/2670\/revisions\/2671"}],"wp:attachment":[{"href":"https:\/\/kurtjakob.ch\/index.php?rest_route=%2Fwp%2Fv2%2Fmedia&parent=2670"}],"wp:term":[{"taxonomy":"category","embeddable":true,"href":"https:\/\/kurtjakob.ch\/index.php?rest_route=%2Fwp%2Fv2%2Fcategories&post=2670"},{"taxonomy":"post_tag","embeddable":true,"href":"https:\/\/kurtjakob.ch\/index.php?rest_route=%2Fwp%2Fv2%2Ftags&post=2670"}],"curies":[{"name":"wp","href":"https:\/\/api.w.org\/{rel}","templated":true}]}}