{"id":266,"date":"2010-09-28T10:04:39","date_gmt":"2010-09-28T10:04:39","guid":{"rendered":"http:\/\/wp.kurtjakob.ch\/?p=266"},"modified":"2021-04-25T18:46:58","modified_gmt":"2021-04-25T18:46:58","slug":"ipad","status":"publish","type":"post","link":"https:\/\/kurtjakob.ch\/?p=266","title":{"rendered":"iPad"},"content":{"rendered":"<p><img loading=\"lazy\" decoding=\"async\" class=\"alignnone size-medium wp-image-2603\" src=\"https:\/\/kurtjakob.ch\/wp-content\/uploads\/2010\/09\/macbook-605438_1280-300x199.jpg\" alt=\"\" width=\"300\" height=\"199\" srcset=\"https:\/\/kurtjakob.ch\/wp-content\/uploads\/2010\/09\/macbook-605438_1280-300x199.jpg 300w, https:\/\/kurtjakob.ch\/wp-content\/uploads\/2010\/09\/macbook-605438_1280-700x465.jpg 700w, https:\/\/kurtjakob.ch\/wp-content\/uploads\/2010\/09\/macbook-605438_1280-768x510.jpg 768w, https:\/\/kurtjakob.ch\/wp-content\/uploads\/2010\/09\/macbook-605438_1280.jpg 1280w\" sizes=\"auto, (max-width: 300px) 100vw, 300px\" \/><\/p>\n<p align=\"left\">Seit einiger Zeit bin ich stolzer Besitzer eines iPad. Da ich kein iPhone besitze, bedeutet dieses Ger\u00e4t eine v\u00f6llig neue Welt f\u00fcr mich. Mein Grund f\u00fcr die Anschaffung: ich lese Zeitungen und sehr viele B\u00fccher am Computer. Ich war schon lange auf der Suche nach einem entsprechenden Leseger\u00e4t. Da ich neben normalen Ebooks auch pdf-Dokumente lesen und bearbeiten will, war schlie\u00dflich der iPad auf meiner Wunschliste ganz nach oben ger\u00fcckt.<\/p>\n<p align=\"left\">So habe ich mir dieses Ger\u00e4t bestellt und vor den Sommerferien dann direkt aus China zugeschickt bekommen. Der Frachtweg war etwas sonderbar, aber was solls, jetzt ist das Ger\u00e4t bei mir schon zweieinhalb Monate im Einsatz.<\/p>\n<p align=\"left\">Unterdessen habe ich festgestellt, dass auch <a href=\"http:\/\/wiki.doebe.li\/Beat\/EiEiEiPad\" target=\"_blank\" rel=\"noopener\">Beat Doebeli mit einem iPad arbeitet<\/a>, er hat auch schon \u00fcber <a href=\"http:\/\/wiki.doebe.li\/Beat\/WasIstDennNunMitdemiPad\" target=\"_blank\" rel=\"noopener\">erste Erfahrungen<\/a> berichtet, deshalb darf ich mich sicher hier auch als neuer Apple-Kunde outen. <img decoding=\"async\" class=\"wlEmoticon wlEmoticon-winkingsmile\" style=\"border-style: none;\" src=\"http:\/\/blog.kurtjakob.ch\/uploads\/iPad_C455\/wlEmoticonwinkingsmile.png\" alt=\"Zwinkerndes Smiley\" \/><\/p>\n<p align=\"left\">Ich werde demn\u00e4chst mehr dar\u00fcber berichten, wof\u00fcr ich dieses Ger\u00e4t einsetze.<\/p>\n<p>&nbsp;<\/p>\n","protected":false},"excerpt":{"rendered":"<p>Seit einiger Zeit bin ich stolzer Besitzer eines iPad. Da ich kein iPhone besitze, bedeutet dieses Ger\u00e4t eine v\u00f6llig neue Welt f\u00fcr mich. Mein Grund f\u00fcr die Anschaffung: ich lese Zeitungen und sehr viele B\u00fccher am Computer. Ich war schon lange auf der Suche nach einem entsprechenden Leseger\u00e4t. Da ich neben normalen Ebooks auch pdf-Dokumente [&hellip;]<\/p>\n","protected":false},"author":4,"featured_media":0,"comment_status":"open","ping_status":"open","sticky":false,"template":"","format":"standard","meta":{"footnotes":""},"categories":[1],"tags":[75,150,94,73,21],"class_list":["post-266","post","type-post","status-publish","format-standard","hentry","category-uncategorized","tag-digitale-welt","tag-ios","tag-ipad","tag-mobile","tag-tablet-pc"],"_links":{"self":[{"href":"https:\/\/kurtjakob.ch\/index.php?rest_route=\/wp\/v2\/posts\/266","targetHints":{"allow":["GET"]}}],"collection":[{"href":"https:\/\/kurtjakob.ch\/index.php?rest_route=\/wp\/v2\/posts"}],"about":[{"href":"https:\/\/kurtjakob.ch\/index.php?rest_route=\/wp\/v2\/types\/post"}],"author":[{"embeddable":true,"href":"https:\/\/kurtjakob.ch\/index.php?rest_route=\/wp\/v2\/users\/4"}],"replies":[{"embeddable":true,"href":"https:\/\/kurtjakob.ch\/index.php?rest_route=%2Fwp%2Fv2%2Fcomments&post=266"}],"version-history":[{"count":3,"href":"https:\/\/kurtjakob.ch\/index.php?rest_route=\/wp\/v2\/posts\/266\/revisions"}],"predecessor-version":[{"id":2604,"href":"https:\/\/kurtjakob.ch\/index.php?rest_route=\/wp\/v2\/posts\/266\/revisions\/2604"}],"wp:attachment":[{"href":"https:\/\/kurtjakob.ch\/index.php?rest_route=%2Fwp%2Fv2%2Fmedia&parent=266"}],"wp:term":[{"taxonomy":"category","embeddable":true,"href":"https:\/\/kurtjakob.ch\/index.php?rest_route=%2Fwp%2Fv2%2Fcategories&post=266"},{"taxonomy":"post_tag","embeddable":true,"href":"https:\/\/kurtjakob.ch\/index.php?rest_route=%2Fwp%2Fv2%2Ftags&post=266"}],"curies":[{"name":"wp","href":"https:\/\/api.w.org\/{rel}","templated":true}]}}