{"id":2646,"date":"2021-04-27T14:10:05","date_gmt":"2021-04-27T14:10:05","guid":{"rendered":"https:\/\/kurtjakob.ch\/?p=2646"},"modified":"2021-06-23T12:27:53","modified_gmt":"2021-06-23T12:27:53","slug":"falsch-eingestellt-uhr","status":"publish","type":"post","link":"https:\/\/kurtjakob.ch\/?p=2646","title":{"rendered":"Falsch eingestellt Uhr"},"content":{"rendered":"<p><img loading=\"lazy\" decoding=\"async\" class=\"alignnone size-full wp-image-2657\" src=\"https:\/\/kurtjakob.ch\/wp-content\/uploads\/2021\/04\/Uhr.jpg\" width=\"188\" height=\"146\" \/><\/p>\n<p>Zuerst dachte ich, dass ich die folgende Schlagzeile unter &#8222;Na so was&#8220; abhaken kann.<\/p>\n<blockquote><p>Weil die Uhr im Pr\u00fcfungsraum noch auf Winterzeit stand, d\u00fcrfen Sch\u00fcler eines Englisch-LKs in Wetter (Ruhr) die Abiklausur noch einmal schreiben. Das Gymnasium im Ennepe-Ruhr-Kreis (Nordrhein-Westfalen) r\u00e4ume den betroffenen 22 Sch\u00fclerinnen und Sch\u00fclern diese Option in Abstimmung mit der Bezirksregierung Arnsberg ein, sagte eine Beh\u00f6rdensprecherin am Montag.<\/p><\/blockquote>\n<p>Quelle: <em><a href=\"https:\/\/www.news4teachers.de\/2021\/04\/uhr-auf-winterzeit-schueler-duerfen-abiklausur-wiederholen\/\">Uhr auf Winterzeit: Sch\u00fcler d\u00fcrfen Abiklausur wiederholen | News4teachers<\/a><\/em><\/p>\n<p>Ich habe dann aber sehr schnell gesehen, dass dieses Ereignis im Netz recht hohe Wellen geschlagen hat. Auf einen <a href=\"https:\/\/www.spiegel.de\/panorama\/bildung\/wetter-in-nrw-englisch-lk-darf-abiturklausur-wiederholen-weil-uhr-noch-auf-winterzeit-stand-a-abba228e-6887-45f8-be60-b2f223eb2a56#kommentare\" target=\"_blank\" rel=\"noopener\">Artikel auf spiegel.de<\/a> gab es besonders viele Kommentare. Auf diese m\u00f6chte ich kurz eingehen. Sie geben ein sehr gutes Bild davon ab, wie heutige Abiturient*innen wahrgenommen werden und welchen Stellenwert das Abitur f\u00fcr viele heutige Menschen hat.<\/p>\n<ul>\n<li style=\"list-style-type: none;\">\n<ul>\n<li style=\"list-style-type: none;\"><\/li>\n<li>Die einen behaupten, dass die Sch\u00fcler halt heute nicht mehr die Uhr lesen k\u00f6nnen.<br \/>\n<blockquote><p>Nichtmal die Uhr k\u00f6nnen sie lesen. Wer noch immer glaubt, Deutschland w\u00fcrde irgendwann in der Zukunft die Digitalisierung in Schulen realisieren, ist wirklich absolut delusional.<\/p>\n<p>Die Uhr sollte man als Abiturient schon lesen k\u00f6nnen.<\/p><\/blockquote>\n<p>Die vielen in dieser Kategorie, die manchmal auch nicht fehlerfrei schreiben k\u00f6nnen, sehen die Schw\u00e4chen in den mangelnden praktischen F\u00e4higkeiten der heutigen Jugend. Nur haben sie etwas \u00fcbersehen, die Uhr ging nicht richtig, das hat nichts mit der F\u00e4higkeit zu tun, ob man die Uhr richtig lesen kann. Dass man schliesslich in einer Pr\u00fcfungssituation nicht erkennen kann, dass die Uhr noch auf Winterzeit eingestellt ist, l\u00e4sst sich doch wohl nachvollziehen. Einige Kommentatoren (!) glauben aber, dass ihnen das nie passiert w\u00e4re.<\/li>\n<li style=\"list-style-type: none;\"><\/li>\n<li>Die n\u00e4chste Kategorie ist erstaunt dar\u00fcber, dass die Jugendlichen heute keine Armbanduhren mehr haben.<br \/>\n<blockquote><p>Haben denn die jungen Leute heutzutage keine Armbanduhr mehr?<\/p><\/blockquote>\n<p>Ja, so ist es. Es ist mir schon seit einigen Jahren aufgefallen, dass unsere Sch\u00fcler*innen h\u00e4ufig keine Armbanduhren mehr haben. Warum sollten sie auch, daf\u00fcr gibt es das Smartphone. Aus diesem Grund stelle ich auch jeweils w\u00e4hrend den Pr\u00fcfungen eine Uhr auf, damit die Sch\u00fcler:innen ohne Gebrauch des Smartphones wissen, wie viel Zeit sie noch haben f\u00fcr die Aufgaben. Neuerdings haben viele Smartwatches. Es soll aber Lehrpersonen geben, die auch diese verbieten.<\/li>\n<li style=\"list-style-type: none;\"><\/li>\n<li>Und diese der Kommentar der Mutter einer Sch\u00fclerin, die an der Pr\u00fcfung gewesen ist:<br \/>\n<blockquote><p>Meine Tochter war bei der Klausur dabei. Es gibt nur eine Uhr in der Turnhalle, die offenbar nicht auf Sommerzeit gestellt wurde. Sie hat es selbst gemerkt zu Beginn, aber es ist trotzdem in einem Zeitraum von 5 Stunden, wenn man im Flow englisch schreibt, irritierend, wenn die Uhrzeit nicht stimmt. Nat\u00fcrlich k\u00f6nnen Fehler passieren. Mich st\u00f6rt dabei, dass die Sch\u00fcler sehr wegen Corona und Tests und Masken unter Druck gesetzt werden. Dann erwarte ich auch Perfektion von Seiten der Schule. Dazu kommt noch, dass die Pr\u00fcfungsthemen sehr schwer waren und thematisch v\u00f6llig daneben. Dieser Jahrgang ist schon gebeutelt genug, da h\u00e4tte man vern\u00fcnftige Abiturpr\u00fcfungen erwartet.<\/p><\/blockquote>\n<p>Zur Aufgabenstellung werde ich in einem weiteren Beitrag noch Stellung nehmen. Da hat sich noch ein ganz anderes Problem offenbart.<\/li>\n<li style=\"list-style-type: none;\"><\/li>\n<li>Und dann nat\u00fcrlich die grunds\u00e4tzliche Kritik an der Schule:<br \/>\n<blockquote><p>In einem Land, das seine B\u00fcrger &#8211; und dazu geh\u00f6ren auch die Sch\u00fcler &#8211; mit B\u00fcrokratie derma\u00dfen g\u00e4ngelt, ist es wirklich nicht akzeptabel, dass der \u00f6ffentliche Dienst den einfachsten Pflichten nicht nachkommt. Alle vom Hausmeister \u00fcber den Studienrat bis hin zum Schuldirektor kommen in den Genuss einer sicheren Anstellung, die es in der freien Wirtschaft nirgendwo gibt. Wo war der Hausmeister, dessen Aufgabe es war, alle Uhren richtig einzustellen? Wo war der Studienrat, zu dessen Aufgaben es auch geh\u00f6rt, rechtzeitig zu \u00fcberpr\u00fcfen, ob die \u00e4u\u00dferen Voraussetzungen f\u00fcr eine Pr\u00fcfung erf\u00fcllt sind und wo war der Schuldirektor, dem die Gesamtverantwortung obliegt?<\/p>\n<p>Wie kann man erwarten, dass junge Menschen zu verantwortungsvollen B\u00fcrgern erzogen werden, wenn man ihnen permanent eigene Verantwortungslosigkeit vorlebt?<\/p><\/blockquote>\n<p>&nbsp;<\/li>\n<li style=\"list-style-type: none;\"><\/li>\n<li>Schlussfolgerung?<br \/>\n<blockquote><p>Mein Gott, es ist halt ein Fehler passiert, das kann doch mal sein. Wichtig ist doch nur, dass er korrigiert wird.<\/p><\/blockquote>\n<p>&nbsp;<\/li>\n<li style=\"list-style-type: none;\"><\/li>\n<\/ul>\n<\/li>\n<li style=\"list-style-type: none;\">In diesem Zusammenhang f\u00e4llt mir eine kleine Episode ein, die ich fr\u00fcher hier schon beschrieben habe: <a href=\"https:\/\/kurtjakob.ch\/?p=203\" target=\"_blank\" rel=\"noopener\">Das st\u00f6rende Ticken der Uhr<\/a>.Nachtrag: Jetzt f\u00e4llt mir ein, die Uhr im Klassenzimmer geht immer 1 Minute vor. Ich kann diese Minute zur\u00fcckdrehen, das n\u00fctzt nichts, da sich die Uhr immer automatisch korrigiert. Bisher hat aber noch niemand von den Sch\u00fcler:innen deswegen reklamiert.<\/li>\n<li style=\"list-style-type: none;\"><\/li>\n<\/ul>\n","protected":false},"excerpt":{"rendered":"<p>Zuerst dachte ich, dass ich die folgende Schlagzeile unter &#8222;Na so was&#8220; abhaken kann. Weil die Uhr im Pr\u00fcfungsraum noch auf Winterzeit stand, d\u00fcrfen Sch\u00fcler eines Englisch-LKs in Wetter (Ruhr) die Abiklausur noch einmal schreiben. Das Gymnasium im Ennepe-Ruhr-Kreis (Nordrhein-Westfalen) r\u00e4ume den betroffenen 22 Sch\u00fclerinnen und Sch\u00fclern diese Option in Abstimmung mit der Bezirksregierung Arnsberg [&hellip;]<\/p>\n","protected":false},"author":4,"featured_media":0,"comment_status":"open","ping_status":"open","sticky":false,"template":"","format":"standard","meta":{"footnotes":""},"categories":[194,212],"tags":[131,40],"class_list":["post-2646","post","type-post","status-publish","format-standard","hentry","category-aergernisse","category-schule","tag-matura","tag-schule"],"_links":{"self":[{"href":"https:\/\/kurtjakob.ch\/index.php?rest_route=\/wp\/v2\/posts\/2646","targetHints":{"allow":["GET"]}}],"collection":[{"href":"https:\/\/kurtjakob.ch\/index.php?rest_route=\/wp\/v2\/posts"}],"about":[{"href":"https:\/\/kurtjakob.ch\/index.php?rest_route=\/wp\/v2\/types\/post"}],"author":[{"embeddable":true,"href":"https:\/\/kurtjakob.ch\/index.php?rest_route=\/wp\/v2\/users\/4"}],"replies":[{"embeddable":true,"href":"https:\/\/kurtjakob.ch\/index.php?rest_route=%2Fwp%2Fv2%2Fcomments&post=2646"}],"version-history":[{"count":16,"href":"https:\/\/kurtjakob.ch\/index.php?rest_route=\/wp\/v2\/posts\/2646\/revisions"}],"predecessor-version":[{"id":3871,"href":"https:\/\/kurtjakob.ch\/index.php?rest_route=\/wp\/v2\/posts\/2646\/revisions\/3871"}],"wp:attachment":[{"href":"https:\/\/kurtjakob.ch\/index.php?rest_route=%2Fwp%2Fv2%2Fmedia&parent=2646"}],"wp:term":[{"taxonomy":"category","embeddable":true,"href":"https:\/\/kurtjakob.ch\/index.php?rest_route=%2Fwp%2Fv2%2Fcategories&post=2646"},{"taxonomy":"post_tag","embeddable":true,"href":"https:\/\/kurtjakob.ch\/index.php?rest_route=%2Fwp%2Fv2%2Ftags&post=2646"}],"curies":[{"name":"wp","href":"https:\/\/api.w.org\/{rel}","templated":true}]}}