{"id":264,"date":"2010-09-29T16:59:15","date_gmt":"2010-09-29T16:59:15","guid":{"rendered":"http:\/\/wp.kurtjakob.ch\/?p=264"},"modified":"2010-09-29T16:59:15","modified_gmt":"2010-09-29T16:59:15","slug":"zitieren-mit-citavi","status":"publish","type":"post","link":"https:\/\/kurtjakob.ch\/?p=264","title":{"rendered":"Zitieren mit citavi"},"content":{"rendered":"<p align=\"left\">Meinen Sch\u00fclerinnen und Sch\u00fclern habe ich empfohlen, f\u00fcr ihre Maturaarbeiten mit dem Programm <a href=\"http:\/\/www.citavi.com\" target=\"_blank\">citavi<\/a> zu arbeiten, ein Programm zur Literaturverwaltung und zum Wissensmanagement. Ich habe das Programm <a href=\"http:\/\/blog.kurtjakob.ch\/?p=265\" target=\"_blank\">im letzten Blogbeitrag<\/a> nochmals vorgestellt.<\/p>\n<p align=\"left\">Nat\u00fcrlich ist dies eine Luxusvariante. Wenn dieses Programm verwendet wird, dann wird automatisch korrekt zitiert im verwendeten Textverarbeitungsprogramm, und am Schluss wird dann auch automatisch eine Literaturliste verwendet, und zwar mit aller Literatur, die bei der Erstellung der Arbeit verwendet worden ist.<\/p>\n<p align=\"left\">Das Einf\u00fcgen von Zitaten aus citavi in Word etwa funktioniert aus dem Programm citavi heraus w\u00e4hlt man den Men\u00fceintrag \u201cZitation\u201d:<\/p>\n<p align=\"left\"><img loading=\"lazy\" decoding=\"async\" style=\"background-image: none; padding-left: 0px; padding-right: 0px; display: inline; padding-top: 0px; border: 0px;\" title=\"tmp6739\" src=\"http:\/\/blog.kurtjakob.ch\/uploads\/Zitierenmitcitavi_8AE9\/tmp6739_thumb.png\" alt=\"tmp6739\" width=\"399\" height=\"62\" border=\"0\" \/><\/p>\n<p align=\"left\">(Dieselbe Funktion kann man auch ausf\u00fchren, indem man in einer Zitatenliste ein Zitat markiert und die rechte Maustaste dr\u00fcckt.)<\/p>\n<p align=\"left\">Dann \u201cZititeren mit {Titel-Platzhalter}\u201d und \u201cDirekt als Word-Fussnote einf\u00fcgen\u201d w\u00e4hlen:<\/p>\n<p align=\"left\"><img loading=\"lazy\" decoding=\"async\" style=\"background-image: none; padding-left: 0px; padding-right: 0px; display: inline; padding-top: 0px; border: 0px;\" title=\"tmp2B43\" src=\"http:\/\/blog.kurtjakob.ch\/uploads\/Zitierenmitcitavi_8AE9\/tmp2B43_thumb.png\" alt=\"tmp2B43\" width=\"401\" height=\"95\" border=\"0\" \/><\/p>\n<p align=\"left\">Im Word-Dokument wird automatisch eine neue Fussnote gesetzt, das kann etwa folgendermassen aussehen:<\/p>\n<p align=\"left\"><img loading=\"lazy\" decoding=\"async\" style=\"background-image: none; padding-left: 0px; padding-right: 0px; display: inline; padding-top: 0px; border: 0px;\" title=\"tmp55BE\" src=\"http:\/\/blog.kurtjakob.ch\/uploads\/Zitierenmitcitavi_8AE9\/tmp55BE_thumb.png\" alt=\"tmp55BE\" width=\"322\" height=\"80\" border=\"0\" \/><\/p>\n<p align=\"left\">Die geschweiften Klammern und die Zahl nach dem Zeichen # werden dann sp\u00e4ter durch ein Makro global ersetzt. Um dieses Makro zu starten, muss man zuerst das Word-Dokument abspeichern. Dann startet man das Makro aus dem Programm citavi heraus, indem man \u00fcber die Men\u00fczeile \u201cZitation\u201d &#8211; \u201cPublikation formatieren\u201d &#8211; \u201cDokumente ausw\u00e4hlen\u201d das gespeicherte Dokument ausw\u00e4hlt.<\/p>\n<p align=\"left\"><img loading=\"lazy\" decoding=\"async\" style=\"background-image: none; padding-left: 0px; padding-right: 0px; display: inline; padding-top: 0px; border: 0px;\" title=\"tmpE34E\" src=\"http:\/\/blog.kurtjakob.ch\/uploads\/Zitierenmitcitavi_8AE9\/tmpE34E_thumb.png\" alt=\"tmpE34E\" width=\"428\" height=\"145\" border=\"0\" \/><\/p>\n<p align=\"left\">Dann das entsprechende Dokument formatieren. Es wird ein neues Dokument erzeugt, in dem nun die Sonderzeichen ersetzt sind und ein sauberes Literaturverzeichnis hinzugef\u00fcgt worden ist.<\/p>\n<p align=\"left\"><img loading=\"lazy\" decoding=\"async\" style=\"background-image: none; padding-left: 0px; padding-right: 0px; display: inline; padding-top: 0px; border: 0px;\" title=\"tmp8B70\" src=\"http:\/\/blog.kurtjakob.ch\/uploads\/Zitierenmitcitavi_8AE9\/tmp8B70_thumb.png\" alt=\"tmp8B70\" width=\"422\" height=\"243\" border=\"0\" \/><\/p>\n<p align=\"left\">In einem n\u00e4chsten Beitrag werde ich noch den Publikationsassistenten von citavi vorstellen.<\/p>\n<table width=\"468\" border=\"0\" cellspacing=\"0\" cellpadding=\"2\">\n<tbody>\n<tr>\n<td valign=\"top\" width=\"73\"><a class=\"twitter-share-button\" href=\"http:\/\/twitter.com\/share\" data-url=\"http:\/\/blog.kurtjakob.ch\/index.php?\/archives\/318-Zitieren-mit-citavi.html\" data-count=\"none\" data-via=\"kjakob\" data-lang=\"de\">Tweet<\/a><script type=\"text\/javascript\" src=\"http:\/\/platform.twitter.com\/widgets.js\"><\/script><\/td>\n<td valign=\"top\" width=\"307\"><iframe loading=\"lazy\" style=\"width: 450px; height: 25px; overflow: hidden; border-style: none;\" src=\"http:\/\/www.facebook.com\/plugins\/like.php?href=http%3A%2F%2Fblog.kurtjakob.ch%2Findex.php?%2Farchives%2F318-Zitieren-mit-citavi.html&amp;layout=standard&amp;show_faces=false&amp;width=450&amp;action=like&amp;font=arial&amp;colorscheme=light&amp;height=25\" frameborder=\"0\" scrolling=\"no\" width=\"320\" height=\"240\"><\/iframe><\/td>\n<\/tr>\n<\/tbody>\n<\/table>\n","protected":false},"excerpt":{"rendered":"<p>Meinen Sch\u00fclerinnen und Sch\u00fclern habe ich empfohlen, f\u00fcr ihre Maturaarbeiten mit dem Programm citavi zu arbeiten, ein Programm zur Literaturverwaltung und zum Wissensmanagement. Ich habe das Programm im letzten Blogbeitrag nochmals vorgestellt. Nat\u00fcrlich ist dies eine Luxusvariante. Wenn dieses Programm verwendet wird, dann wird automatisch korrekt zitiert im verwendeten Textverarbeitungsprogramm, und am Schluss wird dann [&hellip;]<\/p>\n","protected":false},"author":3,"featured_media":0,"comment_status":"open","ping_status":"open","sticky":false,"template":"","format":"standard","meta":{"footnotes":""},"categories":[1],"tags":[14,15,63],"class_list":["post-264","post","type-post","status-publish","format-standard","hentry","category-uncategorized","tag-maturaarbeit","tag-software","tag-softwareanwendung"],"_links":{"self":[{"href":"https:\/\/kurtjakob.ch\/index.php?rest_route=\/wp\/v2\/posts\/264","targetHints":{"allow":["GET"]}}],"collection":[{"href":"https:\/\/kurtjakob.ch\/index.php?rest_route=\/wp\/v2\/posts"}],"about":[{"href":"https:\/\/kurtjakob.ch\/index.php?rest_route=\/wp\/v2\/types\/post"}],"author":[{"embeddable":true,"href":"https:\/\/kurtjakob.ch\/index.php?rest_route=\/wp\/v2\/users\/3"}],"replies":[{"embeddable":true,"href":"https:\/\/kurtjakob.ch\/index.php?rest_route=%2Fwp%2Fv2%2Fcomments&post=264"}],"version-history":[{"count":0,"href":"https:\/\/kurtjakob.ch\/index.php?rest_route=\/wp\/v2\/posts\/264\/revisions"}],"wp:attachment":[{"href":"https:\/\/kurtjakob.ch\/index.php?rest_route=%2Fwp%2Fv2%2Fmedia&parent=264"}],"wp:term":[{"taxonomy":"category","embeddable":true,"href":"https:\/\/kurtjakob.ch\/index.php?rest_route=%2Fwp%2Fv2%2Fcategories&post=264"},{"taxonomy":"post_tag","embeddable":true,"href":"https:\/\/kurtjakob.ch\/index.php?rest_route=%2Fwp%2Fv2%2Ftags&post=264"}],"curies":[{"name":"wp","href":"https:\/\/api.w.org\/{rel}","templated":true}]}}