{"id":2621,"date":"2021-04-26T18:00:07","date_gmt":"2021-04-26T18:00:07","guid":{"rendered":"http:\/\/kurtjakob.ch\/?p=2621"},"modified":"2021-06-23T12:28:47","modified_gmt":"2021-06-23T12:28:47","slug":"krimipreis-2021","status":"publish","type":"post","link":"https:\/\/kurtjakob.ch\/?p=2621","title":{"rendered":"Krimipreis 2021"},"content":{"rendered":"<p><img loading=\"lazy\" decoding=\"async\" src=\"https:\/\/kurtjakob.ch\/wp-content\/uploads\/2021\/04\/C9A8F1608452DCF653A9F42987D5DDD7262904DB.png\" width=\"199\" height=\"305\" border=\"0\" \/><\/p>\n<p>Das <a href=\"https:\/\/www.das-syndikat.com\/\" target=\"_blank\" rel=\"noopener\">SYNDIKAT<\/a>, der Verein f\u00fcr deutschsprachige Kriminalliteratur, hat am Samstag die Kriminalpreise f\u00fcr das Jahr 2021 verliehen. Die diesj\u00e4hrigen Lesungen haben online auf Youtube stattgefunden. Man findet sie <a href=\"https:\/\/www.youtube.com\/playlist?list=PLlxrU2aRE5qDyexXDRlBQUwBBiJ77HmZL\" target=\"_blank\" rel=\"noopener\">hier<\/a>.<\/p>\n<p>Der Preis wird in sechs Kategorien verliehen. In der Kategorie &#8222;Roman&#8220; wurde Tommie Goerz f\u00fcr sein Buch\u00a0&#8222;<a href=\"https:\/\/arsvivendi.com\/Buch\/Titel\/9783747201114-Meier\" target=\"_blank\" rel=\"noopener\">Meier<\/a>&#8220; (Verlag ars vivendi) ausgezeichnet. Eine Rezension zu diesem Buch findet man hier auf <a href=\"https:\/\/www.buecherrezensionen.org\/buecher\/rezension\/tommie-goerz-meier.htm\" target=\"_blank\" rel=\"noopener\">buecherrezensionen.org<\/a>.<\/p>\n<p>Die \u00dcbersicht \u00fcber die Preistr\u00e4ger findet man <a href=\"https:\/\/www.boersenblatt.net\/news\/literaturszene\/die-besten-kriminalromane-2021-174699\" target=\"_blank\" rel=\"noopener\">hier im Boersenblatt<\/a>.<\/p>\n<div class=\"PoweredByWebStory\" style=\"margin-top: 15px; margin-bottom: 10px;\"><a href=\"http:\/\/self.my\/cs_invite.php?u=9696\" target=\"_blank\" rel=\"noopener\"><img decoding=\"async\" style=\"border: 0;\" src=\"http:\/\/image.webstory.my\/WebStoryLogo20.png\" alt=\"Chrysanth WebStory\" \/><\/a>\u00a0Published by <a href=\"http:\/\/self.my\/cs_invite.php?u=9696\" target=\"_blank\" rel=\"noopener\">WebStory<\/a><\/div>\n","protected":false},"excerpt":{"rendered":"<p>Das SYNDIKAT, der Verein f\u00fcr deutschsprachige Kriminalliteratur, hat am Samstag die Kriminalpreise f\u00fcr das Jahr 2021 verliehen. Die diesj\u00e4hrigen Lesungen haben online auf Youtube stattgefunden. Man findet sie hier. Der Preis wird in sechs Kategorien verliehen. In der Kategorie &#8222;Roman&#8220; wurde Tommie Goerz f\u00fcr sein Buch\u00a0&#8222;Meier&#8220; (Verlag ars vivendi) ausgezeichnet. Eine Rezension zu diesem Buch [&hellip;]<\/p>\n","protected":false},"author":4,"featured_media":0,"comment_status":"open","ping_status":"open","sticky":false,"template":"","format":"standard","meta":{"footnotes":""},"categories":[165],"tags":[207,99,6],"class_list":["post-2621","post","type-post","status-publish","format-standard","hentry","category-buchzeichen","tag-kriminalroman","tag-lesen","tag-literatur"],"_links":{"self":[{"href":"https:\/\/kurtjakob.ch\/index.php?rest_route=\/wp\/v2\/posts\/2621","targetHints":{"allow":["GET"]}}],"collection":[{"href":"https:\/\/kurtjakob.ch\/index.php?rest_route=\/wp\/v2\/posts"}],"about":[{"href":"https:\/\/kurtjakob.ch\/index.php?rest_route=\/wp\/v2\/types\/post"}],"author":[{"embeddable":true,"href":"https:\/\/kurtjakob.ch\/index.php?rest_route=\/wp\/v2\/users\/4"}],"replies":[{"embeddable":true,"href":"https:\/\/kurtjakob.ch\/index.php?rest_route=%2Fwp%2Fv2%2Fcomments&post=2621"}],"version-history":[{"count":2,"href":"https:\/\/kurtjakob.ch\/index.php?rest_route=\/wp\/v2\/posts\/2621\/revisions"}],"predecessor-version":[{"id":3872,"href":"https:\/\/kurtjakob.ch\/index.php?rest_route=\/wp\/v2\/posts\/2621\/revisions\/3872"}],"wp:attachment":[{"href":"https:\/\/kurtjakob.ch\/index.php?rest_route=%2Fwp%2Fv2%2Fmedia&parent=2621"}],"wp:term":[{"taxonomy":"category","embeddable":true,"href":"https:\/\/kurtjakob.ch\/index.php?rest_route=%2Fwp%2Fv2%2Fcategories&post=2621"},{"taxonomy":"post_tag","embeddable":true,"href":"https:\/\/kurtjakob.ch\/index.php?rest_route=%2Fwp%2Fv2%2Ftags&post=2621"}],"curies":[{"name":"wp","href":"https:\/\/api.w.org\/{rel}","templated":true}]}}