{"id":262,"date":"2010-09-21T17:28:41","date_gmt":"2010-09-21T17:28:41","guid":{"rendered":"http:\/\/wp.kurtjakob.ch\/?p=262"},"modified":"2010-09-21T17:28:41","modified_gmt":"2010-09-21T17:28:41","slug":"ba%c2%bccher-ha%c2%b6ren-und-lesen","status":"publish","type":"post","link":"https:\/\/kurtjakob.ch\/?p=262","title":{"rendered":"B\u00fccher h\u00f6ren und lesen"},"content":{"rendered":"<p><img loading=\"lazy\" decoding=\"async\" height=\"276\" width=\"208\" border=\"0\" src=\"http:\/\/blog.kurtjakob.ch\/uploads\/Bcherhrlesen_11162\/IMG_0180.jpg\" alt=\"IMG_0180\" title=\"IMG_0180\" style=\"border: 0px none; display: inline;\" \/> <\/p>\n<p align=\"left\">In einer Lektion von heute mussten die Sch\u00fclerinnen und Sch\u00fcler in einem Buch \u2013 dem Schimmelreiter von Theodor Storm \u2013 weiterlesen. Schon fr\u00fcher hatte mich ein Sch\u00fcler darauf aufmerksam gemacht, dass dieses Buch auch als <a target=\"_blank\" href=\"http:\/\/librivox.org\/der-schimmelreiter-by-theodor-storm\/\">Podcast<\/a> erh\u00e4ltlich sei. Ich habe daraufhin den Link alle Sch\u00fclern bekannt gemacht. Das Resultat: in der heutigen Lektion haben sich einige Sch\u00fcler den Text vorlesen lassen, die meisten sind dem Text aber doch noch mit den Augen gefolgt.<\/p>\n<table border=\"0\" cellspacing=\"0\" cellpadding=\"2\" width=\"468\">\n<tbody>\n<tr>\n<td valign=\"top\" width=\"73\"><a href=\"http:\/\/twitter.com\/share\" class=\"twitter-share-button\" data-url=\"http:\/\/blog.kurtjakob.ch\/index.php?\/archives\/299-Buecher-hoeren-und-lesen.html\" data-count=\"none\" data-via=\"kjakob\" data-lang=\"de\">Tweet<\/a><script type=\"text\/javascript\" src=\"http:\/\/platform.twitter.com\/widgets.js\"><\/script><\/td>\n<td valign=\"top\" width=\"307\"><iframe src=\"http:\/\/www.facebook.com\/plugins\/like.php?href=http%3A%2F%2Fblog.kurtjakob.ch%2Findex.php?%2Farchives%2F299-Buecher-hoeren-und-lesen.html&amp;layout=standard&amp;show_faces=false&amp;width=450&amp;action=like&amp;font=arial&amp;colorscheme=light&amp;height=25\" scrolling=\"no\" frameborder=\"0\" style=\"border:none; overflow:hidden; width:450px; height:25px;\" allowTransparency=\"true\"><\/iframe><\/td>\n<\/tr>\n<\/tbody>\n<\/table>\n","protected":false},"excerpt":{"rendered":"<p>In einer Lektion von heute mussten die Sch\u00fclerinnen und Sch\u00fcler in einem Buch \u2013 dem Schimmelreiter von Theodor Storm \u2013 weiterlesen. Schon fr\u00fcher hatte mich ein Sch\u00fcler darauf aufmerksam gemacht, dass dieses Buch auch als Podcast erh\u00e4ltlich sei. Ich habe daraufhin den Link alle Sch\u00fclern bekannt gemacht. Das Resultat: in der heutigen Lektion haben sich [&hellip;]<\/p>\n","protected":false},"author":3,"featured_media":0,"comment_status":"open","ping_status":"open","sticky":false,"template":"","format":"standard","meta":{"footnotes":""},"categories":[1],"tags":[67,74,4,23],"class_list":["post-262","post","type-post","status-publish","format-standard","hentry","category-uncategorized","tag-ict-im-unterricht","tag-ipod","tag-schulischer-alltag","tag-unterrricht"],"_links":{"self":[{"href":"https:\/\/kurtjakob.ch\/index.php?rest_route=\/wp\/v2\/posts\/262","targetHints":{"allow":["GET"]}}],"collection":[{"href":"https:\/\/kurtjakob.ch\/index.php?rest_route=\/wp\/v2\/posts"}],"about":[{"href":"https:\/\/kurtjakob.ch\/index.php?rest_route=\/wp\/v2\/types\/post"}],"author":[{"embeddable":true,"href":"https:\/\/kurtjakob.ch\/index.php?rest_route=\/wp\/v2\/users\/3"}],"replies":[{"embeddable":true,"href":"https:\/\/kurtjakob.ch\/index.php?rest_route=%2Fwp%2Fv2%2Fcomments&post=262"}],"version-history":[{"count":0,"href":"https:\/\/kurtjakob.ch\/index.php?rest_route=\/wp\/v2\/posts\/262\/revisions"}],"wp:attachment":[{"href":"https:\/\/kurtjakob.ch\/index.php?rest_route=%2Fwp%2Fv2%2Fmedia&parent=262"}],"wp:term":[{"taxonomy":"category","embeddable":true,"href":"https:\/\/kurtjakob.ch\/index.php?rest_route=%2Fwp%2Fv2%2Fcategories&post=262"},{"taxonomy":"post_tag","embeddable":true,"href":"https:\/\/kurtjakob.ch\/index.php?rest_route=%2Fwp%2Fv2%2Ftags&post=262"}],"curies":[{"name":"wp","href":"https:\/\/api.w.org\/{rel}","templated":true}]}}