{"id":261,"date":"2010-09-12T18:20:40","date_gmt":"2010-09-12T18:20:40","guid":{"rendered":"http:\/\/wp.kurtjakob.ch\/?p=261"},"modified":"2010-09-12T18:20:40","modified_gmt":"2010-09-12T18:20:40","slug":"gesucht-dipl-twitterer","status":"publish","type":"post","link":"https:\/\/kurtjakob.ch\/?p=261","title":{"rendered":"Gesucht: Dipl.Twitterer"},"content":{"rendered":"<p><img loading=\"lazy\" decoding=\"async\" style=\"display: inline; border-width: 0px;\" title=\"tmp844E\" src=\"http:\/\/blog.kurtjakob.ch\/uploads\/GesuchtDipl.Twitterer_F541\/tmp844E.png\" alt=\"tmp844E\" width=\"283\" height=\"269\" border=\"0\" \/><\/p>\n<p align=\"left\">In der Zeitung <em><strong>Sonntag<\/strong><\/em> vom 5. September 2010 konnte man lesen, dass immer mehr Firmen Profis f\u00fcr ihren Web 2.0-Auftritt suchen. Viele Firmen h\u00e4tten erkannt, dass diese neuen Plattformen sehr wichtig sind.<\/p>\n<blockquote>\n<p align=\"left\">Wohl ist den Unternehmen bewusst, dass sie die neuen Kan\u00e4le nutzen sollten, aber viele wissen noch nicht wie.<\/p>\n<\/blockquote>\n<p align=\"left\">Deshalb fordert ein Experte, der im Artikel zitiert wird:<\/p>\n<blockquote>\n<p align=\"left\">Es braucht eine standardisierte und integrale Ausbildung f\u00fcr Social Media Managment. (\u2026)<\/p>\n<p align=\"left\">Es handelt sich um eine neue Berufsgattung, f\u00fcr die noch keine klare Ausbildung vorhanden ist. Das erschwert die Rekrutierung tendenziell.<\/p>\n<\/blockquote>\n<p align=\"left\">Gem\u00e4ss diesem Artikel ist es also das Ziel, m\u00f6glichst schnell einen Ausbildungsgang zu schaffen, der Web 2.0 &#8211; Social Media Experten ausbildet. Das Problem d\u00fcrfte sich dann allerdings wiederholen. Wenn dieser Ausbildungsgang geschaffen ist, wenn er vom <a href=\"http:\/\/www.bbt.admin.ch\/index.html?lang=de\" target=\"_blank\">Bundesamt f\u00fcr Berufsbildung und Technologie<\/a> anerkannt und im <a href=\"http:\/\/www.bbt.admin.ch\/bvz\/index.html?lang=de\" target=\"_blank\">Berufsverzeichnis<\/a> aufgenommen worden ist, dann sind wir sicher im Web 3.0 \u2013 eventuell schon weiter. Was machen die Betriebe dann? Wer in diesem horrenden Tempo der Entwicklung der digitalen Medien im Ernst darauf wartet, dass ausgebildete Fachleute auf dem Markt sind, hat den Anschluss schon verpasst.<\/p>\n<p>Ein kurzer Blick in das oben genannte Berufsverzeichnis zeigt, dass wir einen solchen Beruf bereits haben: es ist der Mediamatiker.<\/p>\n<blockquote>\n<p align=\"left\">Mediamatiker\/innen verf\u00fcgen \u00fcber gutes Basiswissen in Informatik, Multimediatechnik, Marketing und Administration. Als Allrounder finden sie \u00fcberall Einsatz, wo der professionelle Umgang mit neuen Medien und Technologien gefragt ist.<\/p>\n<p align=\"left\">\n<\/blockquote>\n<p><\/p>\n","protected":false},"excerpt":{"rendered":"<p>In der Zeitung Sonntag vom 5. September 2010 konnte man lesen, dass immer mehr Firmen Profis f\u00fcr ihren Web 2.0-Auftritt suchen. Viele Firmen h\u00e4tten erkannt, dass diese neuen Plattformen sehr wichtig sind. Wohl ist den Unternehmen bewusst, dass sie die neuen Kan\u00e4le nutzen sollten, aber viele wissen noch nicht wie. Deshalb fordert ein Experte, der [&hellip;]<\/p>\n","protected":false},"author":3,"featured_media":0,"comment_status":"open","ping_status":"open","sticky":false,"template":"","format":"standard","meta":{"footnotes":""},"categories":[1],"tags":[75,72,38],"class_list":["post-261","post","type-post","status-publish","format-standard","hentry","category-uncategorized","tag-digitale-welt","tag-web-2-0","tag-wirtschaft"],"_links":{"self":[{"href":"https:\/\/kurtjakob.ch\/index.php?rest_route=\/wp\/v2\/posts\/261","targetHints":{"allow":["GET"]}}],"collection":[{"href":"https:\/\/kurtjakob.ch\/index.php?rest_route=\/wp\/v2\/posts"}],"about":[{"href":"https:\/\/kurtjakob.ch\/index.php?rest_route=\/wp\/v2\/types\/post"}],"author":[{"embeddable":true,"href":"https:\/\/kurtjakob.ch\/index.php?rest_route=\/wp\/v2\/users\/3"}],"replies":[{"embeddable":true,"href":"https:\/\/kurtjakob.ch\/index.php?rest_route=%2Fwp%2Fv2%2Fcomments&post=261"}],"version-history":[{"count":0,"href":"https:\/\/kurtjakob.ch\/index.php?rest_route=\/wp\/v2\/posts\/261\/revisions"}],"wp:attachment":[{"href":"https:\/\/kurtjakob.ch\/index.php?rest_route=%2Fwp%2Fv2%2Fmedia&parent=261"}],"wp:term":[{"taxonomy":"category","embeddable":true,"href":"https:\/\/kurtjakob.ch\/index.php?rest_route=%2Fwp%2Fv2%2Fcategories&post=261"},{"taxonomy":"post_tag","embeddable":true,"href":"https:\/\/kurtjakob.ch\/index.php?rest_route=%2Fwp%2Fv2%2Ftags&post=261"}],"curies":[{"name":"wp","href":"https:\/\/api.w.org\/{rel}","templated":true}]}}