{"id":2567,"date":"2021-04-25T12:34:06","date_gmt":"2021-04-25T12:34:06","guid":{"rendered":"http:\/\/kurtjakob.ch\/?p=2567"},"modified":"2021-04-26T15:41:28","modified_gmt":"2021-04-26T15:41:28","slug":"testprojekt-in-tiefgarage-so-wenig-strom-brauchen-elektroautos-golem-de","status":"publish","type":"post","link":"https:\/\/kurtjakob.ch\/?p=2567","title":{"rendered":"Testprojekt in Tiefgarage: So wenig Strom brauchen Elektroautos &#8211; Golem.de"},"content":{"rendered":"<p><a href=\"https:\/\/www.golem.de\/news\/testprojekt-in-tiefgarage-so-wenig-strom-brauchen-elektroautos-2104-155934.html?utm_source=pocket-newtab-global-de-DE\" target=\"_blank\" rel=\"noopener\"><img loading=\"lazy\" decoding=\"async\" class=\"alignnone size-full\" src=\"https:\/\/www.golem.de\/2104\/155934-269812-269809.jpg\" alt=\"\" width=\"431\" height=\"240\" \/><\/a><\/p>\n<p>Etwas f\u00fcr die vielen Skeptiker<\/p>\n<blockquote><p>Der Ladebedarf in einer vollst\u00e4ndig elektrifizierten Tiefgarage l\u00e4sst sich mit einem Bruchteil der maximal abrufbaren Ladeleistung der Elektroautos decken. Das hat ein Testprojekt des baden-w\u00fcrttembergischen Netzbetreibers Netze BW in einer Wohnanlage bei Tamm in der N\u00e4he von Stuttgart ergeben.<\/p><\/blockquote>\n<p>Quelle: <em><a href=\"https:\/\/www.golem.de\/news\/testprojekt-in-tiefgarage-so-wenig-strom-brauchen-elektroautos-2104-155934.html\" target=\"_blank\" rel=\"noopener\">Testprojekt in Tiefgarage: So wenig Strom brauchen Elektroautos &#8211; Golem.de<\/a><\/em><\/p>\n","protected":false},"excerpt":{"rendered":"<p>Etwas f\u00fcr die vielen Skeptiker Der Ladebedarf in einer vollst\u00e4ndig elektrifizierten Tiefgarage l\u00e4sst sich mit einem Bruchteil der maximal abrufbaren Ladeleistung der Elektroautos decken. Das hat ein Testprojekt des baden-w\u00fcrttembergischen Netzbetreibers Netze BW in einer Wohnanlage bei Tamm in der N\u00e4he von Stuttgart ergeben. Quelle: Testprojekt in Tiefgarage: So wenig Strom brauchen Elektroautos &#8211; Golem.de<\/p>\n","protected":false},"author":4,"featured_media":0,"comment_status":"open","ping_status":"open","sticky":false,"template":"","format":"standard","meta":{"footnotes":""},"categories":[199],"tags":[196,31],"class_list":["post-2567","post","type-post","status-publish","format-standard","hentry","category-autos","tag-e-auto","tag-zukunftsvisionen"],"_links":{"self":[{"href":"https:\/\/kurtjakob.ch\/index.php?rest_route=\/wp\/v2\/posts\/2567","targetHints":{"allow":["GET"]}}],"collection":[{"href":"https:\/\/kurtjakob.ch\/index.php?rest_route=\/wp\/v2\/posts"}],"about":[{"href":"https:\/\/kurtjakob.ch\/index.php?rest_route=\/wp\/v2\/types\/post"}],"author":[{"embeddable":true,"href":"https:\/\/kurtjakob.ch\/index.php?rest_route=\/wp\/v2\/users\/4"}],"replies":[{"embeddable":true,"href":"https:\/\/kurtjakob.ch\/index.php?rest_route=%2Fwp%2Fv2%2Fcomments&post=2567"}],"version-history":[{"count":3,"href":"https:\/\/kurtjakob.ch\/index.php?rest_route=\/wp\/v2\/posts\/2567\/revisions"}],"predecessor-version":[{"id":2611,"href":"https:\/\/kurtjakob.ch\/index.php?rest_route=\/wp\/v2\/posts\/2567\/revisions\/2611"}],"wp:attachment":[{"href":"https:\/\/kurtjakob.ch\/index.php?rest_route=%2Fwp%2Fv2%2Fmedia&parent=2567"}],"wp:term":[{"taxonomy":"category","embeddable":true,"href":"https:\/\/kurtjakob.ch\/index.php?rest_route=%2Fwp%2Fv2%2Fcategories&post=2567"},{"taxonomy":"post_tag","embeddable":true,"href":"https:\/\/kurtjakob.ch\/index.php?rest_route=%2Fwp%2Fv2%2Ftags&post=2567"}],"curies":[{"name":"wp","href":"https:\/\/api.w.org\/{rel}","templated":true}]}}