{"id":2513,"date":"2021-04-20T19:30:32","date_gmt":"2021-04-20T19:30:32","guid":{"rendered":"https:\/\/kurtjakob.ch\/?p=2513"},"modified":"2021-05-19T21:47:54","modified_gmt":"2021-05-19T21:47:54","slug":"facebook-exportiert-nach-wordpress-und-google-docs","status":"publish","type":"post","link":"https:\/\/kurtjakob.ch\/?p=2513","title":{"rendered":"Facebook exportiert nach WordPress und Google Docs"},"content":{"rendered":"<p><a href=\"https:\/\/www.heise.de\/news\/Facebook-exportiert-nach-Wordpress-und-Google-Docs-6020769.html?wt_mc=rss.red.ho.ho.atom.beitrag.beitrag\"><img decoding=\"async\" class=\"alignnone size-full\" src=\"https:\/\/kurtjakob.ch\/wp-content\/uploads\/2021\/04\/shutterstock_350982164-2b29dccc4a2d4622.jpeg\" \/><\/a><\/p>\n<blockquote><p>Facebook hat seine Export-Funktionen erweitert: Nutzer k\u00f6nnen ihre Beitr\u00e4ge nun zu WordPress sowie Google Docs kopieren. Mit dem &#8222;Data Portability Tool&#8220; kommt der Konzern einer Forderung von Wettbewerbsh\u00fctern entgegen. (heise online)<\/p><\/blockquote>\n<p>Die entsprechende Funktion finde man in den Einstellungen des Facebook-Accounts, unter dem Men\u00fcpunkt &#8222;Deine Facebook-Informationen&#8220;. Nun kann man also den Facebook-Account aufl\u00f6sen und die eigenen Daten retten, nat\u00fcrlich nur die Daten, die Kommunikationen mit den andern Facebook-Usern geht nat\u00fcrlich verloren.<\/p>\n<p>Quelle: <em><a href=\"https:\/\/www.heise.de\/news\/Facebook-exportiert-nach-Wordpress-und-Google-Docs-6020769.html\">Facebook exportiert nach WordPress und Google Docs | heise online<\/a><\/em><\/p>\n","protected":false},"excerpt":{"rendered":"<p>Facebook hat seine Export-Funktionen erweitert: Nutzer k\u00f6nnen ihre Beitr\u00e4ge nun zu WordPress sowie Google Docs kopieren. Mit dem &#8222;Data Portability Tool&#8220; kommt der Konzern einer Forderung von Wettbewerbsh\u00fctern entgegen. (heise online) Die entsprechende Funktion finde man in den Einstellungen des Facebook-Accounts, unter dem Men\u00fcpunkt &#8222;Deine Facebook-Informationen&#8220;. Nun kann man also den Facebook-Account aufl\u00f6sen und die [&hellip;]<\/p>\n","protected":false},"author":4,"featured_media":0,"comment_status":"open","ping_status":"open","sticky":false,"template":"","format":"standard","meta":{"footnotes":""},"categories":[214],"tags":[109,119],"class_list":["post-2513","post","type-post","status-publish","format-standard","hentry","category-soziale-medien","tag-facebook","tag-social-media"],"_links":{"self":[{"href":"https:\/\/kurtjakob.ch\/index.php?rest_route=\/wp\/v2\/posts\/2513","targetHints":{"allow":["GET"]}}],"collection":[{"href":"https:\/\/kurtjakob.ch\/index.php?rest_route=\/wp\/v2\/posts"}],"about":[{"href":"https:\/\/kurtjakob.ch\/index.php?rest_route=\/wp\/v2\/types\/post"}],"author":[{"embeddable":true,"href":"https:\/\/kurtjakob.ch\/index.php?rest_route=\/wp\/v2\/users\/4"}],"replies":[{"embeddable":true,"href":"https:\/\/kurtjakob.ch\/index.php?rest_route=%2Fwp%2Fv2%2Fcomments&post=2513"}],"version-history":[{"count":3,"href":"https:\/\/kurtjakob.ch\/index.php?rest_route=\/wp\/v2\/posts\/2513\/revisions"}],"predecessor-version":[{"id":3213,"href":"https:\/\/kurtjakob.ch\/index.php?rest_route=\/wp\/v2\/posts\/2513\/revisions\/3213"}],"wp:attachment":[{"href":"https:\/\/kurtjakob.ch\/index.php?rest_route=%2Fwp%2Fv2%2Fmedia&parent=2513"}],"wp:term":[{"taxonomy":"category","embeddable":true,"href":"https:\/\/kurtjakob.ch\/index.php?rest_route=%2Fwp%2Fv2%2Fcategories&post=2513"},{"taxonomy":"post_tag","embeddable":true,"href":"https:\/\/kurtjakob.ch\/index.php?rest_route=%2Fwp%2Fv2%2Ftags&post=2513"}],"curies":[{"name":"wp","href":"https:\/\/api.w.org\/{rel}","templated":true}]}}