{"id":2506,"date":"2021-04-18T12:55:39","date_gmt":"2021-04-18T12:55:39","guid":{"rendered":"https:\/\/kurtjakob.ch\/?p=2506"},"modified":"2021-05-19T21:48:13","modified_gmt":"2021-05-19T21:48:13","slug":"zdf-live-schulstunde-mit-meeresbiologe-uli-kunz-am-19-april-2021","status":"publish","type":"post","link":"https:\/\/kurtjakob.ch\/?p=2506","title":{"rendered":"ZDF: Live-Schulstunde mit Meeresbiologe Uli Kunz am 19. April 2021"},"content":{"rendered":"<p><a href=\"https:\/\/stadt-bremerhaven.de\/zdf-live-schulstunde-mit-meeresbiologe-uli-kunz-am-19-april-2021\/?utm_source=feedburner&amp;utm_medium=feed&amp;utm_campaign=Feed%3A+stadt-bremerhaven%2FdqXM+%28Caschys+Blog%29\"><img loading=\"lazy\" decoding=\"async\" class=\"alignnone\" src=\"https:\/\/kurtjakob.ch\/wp-content\/uploads\/2021\/04\/terra-x-logo-720x439-1.jpg\" width=\"402\" height=\"245\" \/><\/a><\/p>\n<p>Das interessiert mich, ich\u00a0werde\u00a0es nicht verpassen.<\/p>\n<blockquote><p>Am Montag, dem 19. April 2021, wird es ab 17 Uhr eine Live-Schulstunde auf dem ZDF-YouTube-Kanal \u201eTerra X plus\u201c zum Thema \u201eDer Kreislauf des Lebens im Ozean. Vom Buckelwal zum Schleimaal \u2013 \u00d6kologie im Meer\u201c geben. Der Meeresbiologe Uli Kunz wird hierbei f\u00fcr 45 Minuten von seinen eigenen Begegnungen mit Buckelwalen und anderen Eindr\u00fccken seiner Tauchg\u00e4nge berichten.<\/p><\/blockquote>\n<p>Quelle: <em><a href=\"https:\/\/stadt-bremerhaven.de\/zdf-live-schulstunde-mit-meeresbiologe-uli-kunz-am-19-april-2021\/\">ZDF: Live-Schulstunde mit Meeresbiologe Uli Kunz am 19. April 2021<\/a><\/em><\/p>\n","protected":false},"excerpt":{"rendered":"<p>Das interessiert mich, ich\u00a0werde\u00a0es nicht verpassen. Am Montag, dem 19. April 2021, wird es ab 17 Uhr eine Live-Schulstunde auf dem ZDF-YouTube-Kanal \u201eTerra X plus\u201c zum Thema \u201eDer Kreislauf des Lebens im Ozean. Vom Buckelwal zum Schleimaal \u2013 \u00d6kologie im Meer\u201c geben. Der Meeresbiologe Uli Kunz wird hierbei f\u00fcr 45 Minuten von seinen eigenen Begegnungen [&hellip;]<\/p>\n","protected":false},"author":4,"featured_media":0,"comment_status":"open","ping_status":"open","sticky":false,"template":"","format":"standard","meta":{"footnotes":""},"categories":[166],"tags":[92,19],"class_list":["post-2506","post","type-post","status-publish","format-standard","hentry","category-digitaler-unterricht","tag-digitale-schule","tag-digitales-schulzimmer"],"_links":{"self":[{"href":"https:\/\/kurtjakob.ch\/index.php?rest_route=\/wp\/v2\/posts\/2506","targetHints":{"allow":["GET"]}}],"collection":[{"href":"https:\/\/kurtjakob.ch\/index.php?rest_route=\/wp\/v2\/posts"}],"about":[{"href":"https:\/\/kurtjakob.ch\/index.php?rest_route=\/wp\/v2\/types\/post"}],"author":[{"embeddable":true,"href":"https:\/\/kurtjakob.ch\/index.php?rest_route=\/wp\/v2\/users\/4"}],"replies":[{"embeddable":true,"href":"https:\/\/kurtjakob.ch\/index.php?rest_route=%2Fwp%2Fv2%2Fcomments&post=2506"}],"version-history":[{"count":4,"href":"https:\/\/kurtjakob.ch\/index.php?rest_route=\/wp\/v2\/posts\/2506\/revisions"}],"predecessor-version":[{"id":3214,"href":"https:\/\/kurtjakob.ch\/index.php?rest_route=\/wp\/v2\/posts\/2506\/revisions\/3214"}],"wp:attachment":[{"href":"https:\/\/kurtjakob.ch\/index.php?rest_route=%2Fwp%2Fv2%2Fmedia&parent=2506"}],"wp:term":[{"taxonomy":"category","embeddable":true,"href":"https:\/\/kurtjakob.ch\/index.php?rest_route=%2Fwp%2Fv2%2Fcategories&post=2506"},{"taxonomy":"post_tag","embeddable":true,"href":"https:\/\/kurtjakob.ch\/index.php?rest_route=%2Fwp%2Fv2%2Ftags&post=2506"}],"curies":[{"name":"wp","href":"https:\/\/api.w.org\/{rel}","templated":true}]}}