{"id":2501,"date":"2021-04-17T18:25:17","date_gmt":"2021-04-17T18:25:17","guid":{"rendered":"http:\/\/kurtjakob.ch\/?p=2501"},"modified":"2021-06-23T12:29:55","modified_gmt":"2021-06-23T12:29:55","slug":"amazon-kindle-buch-cover-neu-als-lockscreen-hintergrundbild","status":"publish","type":"post","link":"https:\/\/kurtjakob.ch\/?p=2501","title":{"rendered":"Amazon kindle &#8211; Buch-Cover neu als Lockscreen-Hintergrundbild"},"content":{"rendered":"<p><img loading=\"lazy\" decoding=\"async\" src=\"https:\/\/kurtjakob.ch\/wp-content\/uploads\/2021\/04\/8AC46F1FF90AEB7A86763A401B565FC5842EA5EF.png\" width=\"183\" height=\"284\" border=\"0\" \/><img loading=\"lazy\" decoding=\"async\" src=\"https:\/\/kurtjakob.ch\/wp-content\/uploads\/2021\/04\/03291C570625A4598DC63331E2394E74713C90D4.png\" width=\"204\" height=\"288\" border=\"0\" \/><\/p>\n<p>Wie \u00fcber viele Kan\u00e4le zu erfahren war,\u00a0kann bei einigen Amazon kindle Ger\u00e4ten neu das Hintergrundbild im Lockscreen ver\u00e4ndert werden, so kann man etwa neu auch ein Buch-Cover w\u00e4hlen. Gem\u00e4ss <a href=\"https:\/\/stadt-bremerhaven.de\/amazon-kindle-buch-cover-koennen-als-lockscreen-hintergrundbild-herhalten\/\" target=\"_blank\" rel=\"noopener\">Cashys Blog<\/a> soll diese Neuerung in der n\u00e4chsten Zeit eingef\u00fchrt werden.<\/p>\n<blockquote><p>Die Neuerung soll ab sofort schrittweise international ausgerollt werden. Die meisten Cover von B\u00fcchern, Magazinen, Comics und Manga sollen zur Funktion kompatibel sein. Welche Ger\u00e4te sind mit von der Partie? Nun, das sollen die Kindle der 8. und 10. Generation, die Kindle Paperwhite der 7. und 10. Generation, die Kindle Oasis der 8., 9. und 10. Generation sowie die 7. Generation des Kindle Voyage sein.<\/p><\/blockquote>\n<p>Eigentlich keine wahnsinnige Neuerung, allerdings wurde dies schon vor einiger Zeit als Wunsch <a href=\"https:\/\/www.amazonforum.com\/s\/question\/0D54P00006zSxgkSAC\/kindle-wont-show-book-cover-on-lock-screen\" target=\"_blank\" rel=\"noopener\">bei Amazon<\/a> und in <a href=\"https:\/\/www.reddit.com\/r\/kindle\/comments\/1gksly\/show_book_cover_on_lockscreen\/\" target=\"_blank\" rel=\"noopener\">Foren<\/a> vorgebracht.\u00a0Wenn man allerdings ein \u00e4lteres Ger\u00e4t hat &#8211; vor der 7. Generation &#8211;\u00a0oder\u00a0ein verbilligtes Ger\u00e4t gekauft hat, das jeweils die Spezialangebote auf dem Screen zeigt, dann ist dies auch nicht m\u00f6glich.<\/p>\n<p>Wenn man\u00a0sich all die Jahre an die doch eigenwilligen\u00a0Lockscreen-Bilder gew\u00f6hnt hat, dann ist diese Neuerung schon gewaltig.\u00a0Meine Ger\u00e4te sind allerdings zu alt oder geh\u00f6ren eben zu jenen Sondermodellen, die nicht betroffen sind. Ich werde also nach wie vor mit den bekannten Lockscreen-Bildern Vorlieb nehmen m\u00fcssen.<\/p>\n<p>Hier einige Links zu Webseiten, die dieses neue Angebot anpreisen:<\/p>\n<ul>\n<li><a href=\"https:\/\/www.theverge.com\/2021\/4\/16\/22387146\/amazon-display-cover-lockscreen-current-book-image\" target=\"_blank\" rel=\"noopener\">Amazon adds blindingly obvious Kindle feature to make book covers your lockscreen<\/a><\/li>\n<li><a href=\"https:\/\/goodereader.com\/blog\/kindle\/the-kindle-can-now-display-book-covers-on-the-lock-screen\" target=\"_blank\" rel=\"noopener\">The Kindle can now display book covers on the lock screen<\/a><\/li>\n<li><a href=\"https:\/\/www.tomsguide.com\/news\/amazon-kindle-update-adds-killer-feature-youve-wanted-for-years\" target=\"_blank\" rel=\"noopener\">Amazon just gave Kindle readers this long-requested feature<\/a><\/li>\n<li><a href=\"https:\/\/www.engadget.com\/kindle-display-cover-212808686.html\" target=\"_blank\" rel=\"noopener\">Some Kindle ereaders can now display your current book as your lockscreen<\/a><\/li>\n<li><a href=\"https:\/\/thenextweb.com\/news\/hell-yeah-amazon-kindle-lock-screen-display-book-covers\" target=\"_blank\" rel=\"noopener\">Hell yeah, the Kindle lock screen can now display book covers<\/a><\/li>\n<\/ul>\n<div class=\"PoweredByWebStory\" style=\"margin-top: 15px; margin-bottom: 10px;\"><a href=\"http:\/\/self.my\/cs_invite.php?u=9696\" target=\"_blank\" rel=\"noopener\"><img decoding=\"async\" style=\"border: 0;\" src=\"http:\/\/image.webstory.my\/WebStoryLogo20.png\" alt=\"Chrysanth WebStory\" \/><\/a>\u00a0Published by <a href=\"http:\/\/self.my\/cs_invite.php?u=9696\" target=\"_blank\" rel=\"noopener\">WebStory<\/a><\/div>\n","protected":false},"excerpt":{"rendered":"<p>Wie \u00fcber viele Kan\u00e4le zu erfahren war,\u00a0kann bei einigen Amazon kindle Ger\u00e4ten neu das Hintergrundbild im Lockscreen ver\u00e4ndert werden, so kann man etwa neu auch ein Buch-Cover w\u00e4hlen. Gem\u00e4ss Cashys Blog soll diese Neuerung in der n\u00e4chsten Zeit eingef\u00fchrt werden. Die Neuerung soll ab sofort schrittweise international ausgerollt werden. Die meisten Cover von B\u00fcchern, Magazinen, [&hellip;]<\/p>\n","protected":false},"author":4,"featured_media":0,"comment_status":"open","ping_status":"open","sticky":false,"template":"","format":"standard","meta":{"footnotes":""},"categories":[191],"tags":[27,89],"class_list":["post-2501","post","type-post","status-publish","format-standard","hentry","category-ebooks","tag-ebook","tag-kindle"],"_links":{"self":[{"href":"https:\/\/kurtjakob.ch\/index.php?rest_route=\/wp\/v2\/posts\/2501","targetHints":{"allow":["GET"]}}],"collection":[{"href":"https:\/\/kurtjakob.ch\/index.php?rest_route=\/wp\/v2\/posts"}],"about":[{"href":"https:\/\/kurtjakob.ch\/index.php?rest_route=\/wp\/v2\/types\/post"}],"author":[{"embeddable":true,"href":"https:\/\/kurtjakob.ch\/index.php?rest_route=\/wp\/v2\/users\/4"}],"replies":[{"embeddable":true,"href":"https:\/\/kurtjakob.ch\/index.php?rest_route=%2Fwp%2Fv2%2Fcomments&post=2501"}],"version-history":[{"count":3,"href":"https:\/\/kurtjakob.ch\/index.php?rest_route=\/wp\/v2\/posts\/2501\/revisions"}],"predecessor-version":[{"id":3873,"href":"https:\/\/kurtjakob.ch\/index.php?rest_route=\/wp\/v2\/posts\/2501\/revisions\/3873"}],"wp:attachment":[{"href":"https:\/\/kurtjakob.ch\/index.php?rest_route=%2Fwp%2Fv2%2Fmedia&parent=2501"}],"wp:term":[{"taxonomy":"category","embeddable":true,"href":"https:\/\/kurtjakob.ch\/index.php?rest_route=%2Fwp%2Fv2%2Fcategories&post=2501"},{"taxonomy":"post_tag","embeddable":true,"href":"https:\/\/kurtjakob.ch\/index.php?rest_route=%2Fwp%2Fv2%2Ftags&post=2501"}],"curies":[{"name":"wp","href":"https:\/\/api.w.org\/{rel}","templated":true}]}}