{"id":2489,"date":"2021-04-17T08:51:51","date_gmt":"2021-04-17T08:51:51","guid":{"rendered":"https:\/\/kurtjakob.ch\/?p=2489"},"modified":"2021-05-19T21:48:43","modified_gmt":"2021-05-19T21:48:43","slug":"bayern-fuehrt-neue-videokonferenzloesung-visavid-fuer-alle-schulen-ein","status":"publish","type":"post","link":"https:\/\/kurtjakob.ch\/?p=2489","title":{"rendered":"Bayern f\u00fchrt neue Videokonferenzl\u00f6sung Visavid f\u00fcr alle Schulen ein"},"content":{"rendered":"<p><a href=\"https:\/\/www.heise.de\/news\/Bayern-fuehrt-neue-Videokonferenzloesung-Visavid-fuer-alle-Schulen-ein-6018470.html?wt_mc=rss.red.ho.ho.atom.beitrag.beitrag\"><img loading=\"lazy\" decoding=\"async\" class=\"alignnone\" src=\"https:\/\/kurtjakob.ch\/wp-content\/uploads\/2021\/04\/shutterstock_1859215060-f8c3d6ac16ea79ad.jpeg\" width=\"324\" height=\"182\" \/><\/a><\/p>\n<p>Diese Meldung habe ich eben bei heise-online gelesen. Und wie lange dauert es, bis wir in der Schweiz kantonale L\u00f6sungen haben?<\/p>\n<blockquote><p>Bayern k\u00fcndigt an, dass ab Ende April alle Schulen \u2013 explizit auch Grundschulen \u2013 die Videokonferenzl\u00f6sung Visavid nutzen sollen. Microsoft Teams, das bisher eingesetzt wird, kann noch mit einer \u00dcbergangsfrist bis zum Sommer weiter genutzt werden. Die Nutzung der US-Software wurde aus datenschutzrechtlichen gr\u00fcnden kritisiert.<\/p><\/blockquote>\n<p>Quelle: <em><a href=\"https:\/\/www.heise.de\/news\/Bayern-fuehrt-neue-Videokonferenzloesung-Visavid-fuer-alle-Schulen-ein-6018470.html\">Bayern f\u00fchrt neue Videokonferenzl\u00f6sung Visavid f\u00fcr alle Schulen ein | heise online<\/a><\/em><\/p>\n","protected":false},"excerpt":{"rendered":"<p>Diese Meldung habe ich eben bei heise-online gelesen. Und wie lange dauert es, bis wir in der Schweiz kantonale L\u00f6sungen haben? Bayern k\u00fcndigt an, dass ab Ende April alle Schulen \u2013 explizit auch Grundschulen \u2013 die Videokonferenzl\u00f6sung Visavid nutzen sollen. Microsoft Teams, das bisher eingesetzt wird, kann noch mit einer \u00dcbergangsfrist bis zum Sommer weiter [&hellip;]<\/p>\n","protected":false},"author":4,"featured_media":0,"comment_status":"open","ping_status":"open","sticky":false,"template":"","format":"standard","meta":{"footnotes":""},"categories":[166],"tags":[92],"class_list":["post-2489","post","type-post","status-publish","format-standard","hentry","category-digitaler-unterricht","tag-digitale-schule"],"_links":{"self":[{"href":"https:\/\/kurtjakob.ch\/index.php?rest_route=\/wp\/v2\/posts\/2489","targetHints":{"allow":["GET"]}}],"collection":[{"href":"https:\/\/kurtjakob.ch\/index.php?rest_route=\/wp\/v2\/posts"}],"about":[{"href":"https:\/\/kurtjakob.ch\/index.php?rest_route=\/wp\/v2\/types\/post"}],"author":[{"embeddable":true,"href":"https:\/\/kurtjakob.ch\/index.php?rest_route=\/wp\/v2\/users\/4"}],"replies":[{"embeddable":true,"href":"https:\/\/kurtjakob.ch\/index.php?rest_route=%2Fwp%2Fv2%2Fcomments&post=2489"}],"version-history":[{"count":5,"href":"https:\/\/kurtjakob.ch\/index.php?rest_route=\/wp\/v2\/posts\/2489\/revisions"}],"predecessor-version":[{"id":3215,"href":"https:\/\/kurtjakob.ch\/index.php?rest_route=\/wp\/v2\/posts\/2489\/revisions\/3215"}],"wp:attachment":[{"href":"https:\/\/kurtjakob.ch\/index.php?rest_route=%2Fwp%2Fv2%2Fmedia&parent=2489"}],"wp:term":[{"taxonomy":"category","embeddable":true,"href":"https:\/\/kurtjakob.ch\/index.php?rest_route=%2Fwp%2Fv2%2Fcategories&post=2489"},{"taxonomy":"post_tag","embeddable":true,"href":"https:\/\/kurtjakob.ch\/index.php?rest_route=%2Fwp%2Fv2%2Ftags&post=2489"}],"curies":[{"name":"wp","href":"https:\/\/api.w.org\/{rel}","templated":true}]}}