{"id":245,"date":"2009-10-30T22:49:58","date_gmt":"2009-10-30T22:49:58","guid":{"rendered":"http:\/\/wp.kurtjakob.ch\/?p=245"},"modified":"2009-10-30T22:49:58","modified_gmt":"2009-10-30T22:49:58","slug":"das-ebook-in-der-mittelland-zeitung","status":"publish","type":"post","link":"https:\/\/kurtjakob.ch\/?p=245","title":{"rendered":"Das Ebook in der Mittelland-Zeitung"},"content":{"rendered":"<p align=\"left\">In der heutigen Ausgabe der <a target=\"_blank\" href=\"http:\/\/www.a-z.ch\/news\/vermischtes\/die-e-books-mischen-den-buchhandel-auf-4240147\">Mittelland-Zeitung<\/a> findet man einen Artikel \u00fcber E-Books. Darin liest man etwa, dass die elektronischen B\u00fccher zum Massengesch\u00e4ft werde. Es t\u00f6nt, wie wenn der Durchbruch der digitalen B\u00fccher in kurzer Zeit zu erwarten w\u00e4re. Dass sie sich erst jetzt durchsetzen h\u00e4nge mit dem Preis der E-Book-Reader zusammen:<\/p>\n<blockquote>\n<p align=\"left\">Der eigentliche Hemmschuh war bislang die Hardware: 300 bis 400 Franken kosten die aktuellen Leseger\u00e4te.<\/p>\n<\/blockquote>\n<p align=\"left\">Der Preis dieser Ger\u00e4te spielt sicher eine Rolle, prim\u00e4r aber ist es der Preis der digitalen B\u00fccher und die v\u00f6llig eingeschr\u00e4nkte Verwendungsweise derselben, die den Durchbruch verhindern. Wenn ich in einem der B\u00fccher lese, dass ich w\u00e4hrend den n\u00e4chsten 6 Tagen das Recht habe, 5 Kopien zu machen, wohlverstanden 5 Seiten zu kopieren, nicht etwa 5 Kopien des Buches, dass ich h\u00f6chstens 20 Seiten drucken kann, dann jeden Tag eine zus\u00e4tzliche Seite, aber einer H\u00f6chstzahl von 20 Seiten \u2013 was immer das am Schluss auch heisst \u2013 heisst das 40 Seiten maximal? -, dann kann dieses Modell nicht aufgehen. Denn immerhin zahle ich f\u00fcr das E-Book denselben Preis wie f\u00fcr das gedruckte Buch, und diese mit einer derart eingeschr\u00e4nkten Verwendungsweise. So wird das keinen Durchbruch geben. <\/p>\n<p align=\"left\"><img loading=\"lazy\" decoding=\"async\" width=\"403\" height=\"117\" border=\"0\" src=\"http:\/\/blog.kurtjakob.ch\/uploads\/DasEbookinderMittellandZeitung_14F18\/tmp24D3.png\" alt=\"tmp24D3\" title=\"tmp24D3\" style=\"border: 0px none ; display: inline;\" \/><\/p>\n","protected":false},"excerpt":{"rendered":"<p>In der heutigen Ausgabe der Mittelland-Zeitung findet man einen Artikel \u00fcber E-Books. Darin liest man etwa, dass die elektronischen B\u00fccher zum Massengesch\u00e4ft werde. Es t\u00f6nt, wie wenn der Durchbruch der digitalen B\u00fccher in kurzer Zeit zu erwarten w\u00e4re. Dass sie sich erst jetzt durchsetzen h\u00e4nge mit dem Preis der E-Book-Reader zusammen: Der eigentliche Hemmschuh war [&hellip;]<\/p>\n","protected":false},"author":4,"featured_media":0,"comment_status":"open","ping_status":"open","sticky":false,"template":"","format":"standard","meta":{"footnotes":""},"categories":[1],"tags":[27],"class_list":["post-245","post","type-post","status-publish","format-standard","hentry","category-uncategorized","tag-ebook"],"_links":{"self":[{"href":"https:\/\/kurtjakob.ch\/index.php?rest_route=\/wp\/v2\/posts\/245","targetHints":{"allow":["GET"]}}],"collection":[{"href":"https:\/\/kurtjakob.ch\/index.php?rest_route=\/wp\/v2\/posts"}],"about":[{"href":"https:\/\/kurtjakob.ch\/index.php?rest_route=\/wp\/v2\/types\/post"}],"author":[{"embeddable":true,"href":"https:\/\/kurtjakob.ch\/index.php?rest_route=\/wp\/v2\/users\/4"}],"replies":[{"embeddable":true,"href":"https:\/\/kurtjakob.ch\/index.php?rest_route=%2Fwp%2Fv2%2Fcomments&post=245"}],"version-history":[{"count":0,"href":"https:\/\/kurtjakob.ch\/index.php?rest_route=\/wp\/v2\/posts\/245\/revisions"}],"wp:attachment":[{"href":"https:\/\/kurtjakob.ch\/index.php?rest_route=%2Fwp%2Fv2%2Fmedia&parent=245"}],"wp:term":[{"taxonomy":"category","embeddable":true,"href":"https:\/\/kurtjakob.ch\/index.php?rest_route=%2Fwp%2Fv2%2Fcategories&post=245"},{"taxonomy":"post_tag","embeddable":true,"href":"https:\/\/kurtjakob.ch\/index.php?rest_route=%2Fwp%2Fv2%2Ftags&post=245"}],"curies":[{"name":"wp","href":"https:\/\/api.w.org\/{rel}","templated":true}]}}